{"id":21382,"date":"2023-04-06T15:19:42","date_gmt":"2023-04-06T18:19:42","guid":{"rendered":"http:\/\/eenergetica.com.ar\/?p=21382"},"modified":"2023-04-06T15:19:42","modified_gmt":"2023-04-06T18:19:42","slug":"malvinas-tension-con-el-reino-unido-por-la-dilatacion-en-la-identificacion-de-los-soldados-caidos","status":"publish","type":"post","link":"https:\/\/eenergetica.com.ar\/index.php\/2023\/04\/06\/malvinas-tension-con-el-reino-unido-por-la-dilatacion-en-la-identificacion-de-los-soldados-caidos\/","title":{"rendered":"MALVINAS: TENSI\u00d3N CON EL REINO UNIDO POR LA DILATACI\u00d3N EN LA IDENTIFICACI\u00d3N DE LOS SOLDADOS CA\u00cdDOS"},"content":{"rendered":"\n<p><strong>En el marco del 41\u00b0 aniversario de la gesta de Malvinas, el Gobierno enfrenta una nueva escalada de tensi\u00f3n con el Reino Unido ante la dilataci\u00f3n de la puesta en marcha de una nueva etapa del Plan Proyecto Humanitario Malvinas (PPH).<\/strong><\/p>\n\n\n\n<p>La tarea organizada a ra\u00edz de un entendimiento entre la Argentina, el Reino Unido y la Cruz Roja Internacional, consiste en la identificaci\u00f3n de soldados ca\u00eddos las Islas y se encuentra en la tercera instancia del proceso que apunta a indagar sobre seis nuevos casos en la Isla Borb\u00f3n y uno en otro punto del territorio.<\/p>\n\n\n\n<p>Desde la Canciller\u00eda que lidera Santiago Cafiero indicaron que no hay suspensi\u00f3n de la asistencia sino una instancia de negociaci\u00f3n motorizada &#8220;por la reticencia brit\u00e1nica&#8221; a avanzar en la nueva etapa. Adem\u00e1s, aclararon que la dilataci\u00f3n no tiene que ver con la decisi\u00f3n del Gobierno de dejar sin efecto el pacto Foradori-Duncan anunciado en marzo.<\/p>\n\n\n\n<p>La aclaraci\u00f3n hace referencia a la decisi\u00f3n del presidente Alberto Fern\u00e1ndez de cancelar el pacto firmado en 2016, bajo la administraci\u00f3n de Mauricio Macri, que otorgaba concesiones a los intereses del Reino Unido respecto de la explotaci\u00f3n de los recursos naturales en las Islas Malvinas y afectaba el pedido de soberan\u00eda.<\/p>\n\n\n\n<p>El Plan Proyecto Humanitario en las Islas se inici\u00f3 en diciembre de 2017 y su primera etapa finaliz\u00f3 en enero de 2018 posibilitando la elaboraci\u00f3n de un informe que detalla las tareas realizada y sus resultados y la precisi\u00f3n de los objetos hallados en las tumbas de los ca\u00eddos. El avance fue posible gracias a las muestras de ADN que proporcionaron los familiares y se logr\u00f3 el resultado de 88 casos.<\/p>\n\n\n\n<p>El secretario de Malvinas, Ant\u00e1rtida y Atl\u00e1ntico Sur, Guillermo Carmona, en di\u00e1logo con Noticias Argentinas explic\u00f3 que, en sus inicios, el entendimiento se desarroll\u00f3 de forma positiva, e identific\u00f3 &#8220;los primeros s\u00edntomas de dificultad&#8221; durante el \u00faltimo trimestre de 2022, cuando desde el gobierno de Rishi Sunak informaron que &#8220;hab\u00edan reticencias por parte de la ilegitima asamblea legislativa isle\u00f1a&#8221; respecto a los vuelos al territorio para la concreci\u00f3n de la segunda etapa de la misi\u00f3n.<\/p>\n\n\n\n<p>A pesar de la tensi\u00f3n, la segunda instancia de la misi\u00f3n tuvo lugar y permiti\u00f3 la identificaci\u00f3n de dos nuevos soldados.<br>Formaron parte de la tarea tambi\u00e9n los ministerios de Desarrollo Social y del Interior, la Secretar\u00eda de Derechos Humanos y Pluralismo Cultural, Canciller\u00eda, el Centro Ulloa, la Escriban\u00eda General de la Naci\u00f3n y el Equipo Argentino de Antropolog\u00eda Forense (EAAF).<\/p>\n\n\n\n<p>&#8220;Una cuesti\u00f3n humanitaria no puede quedar sujeta a una reticencia a los habitantes de las Islas&#8221;, plante\u00f3 Carmona, a cargo de la negociaci\u00f3n con el Reino Unido para avanzar en la concreci\u00f3n de la segunda etapa, y continu\u00f3: &#8220;Una de las cosas que surgi\u00f3 fue que solicitamos la identificaci\u00f3n de ca\u00eddos en la isla Borb\u00f3n, en el cementerio de Darwin, y solicitamos la informaci\u00f3n, sobre otro caso que se encontraba en otro punto que no era ni el cementerio ni la isla. Ese primer caso fue el primer s\u00edntoma de la reticencia&#8221;.<br>En la misma l\u00ednea, revel\u00f3 que debi\u00f3 suspender su viaje a Ginebra programado para el 16 de diciembre, fecha en la que se firmar\u00eda la tercera fase del Plan Humanitario, luego de que el embajador en aquella ciudad, Federico Villegas, comunicara que percib\u00eda dilaci\u00f3n por parte del Gobierno brit\u00e1nico.<br>&#8220;Despu\u00e9s de eso comenzaron objeciones que se expresaban en la negociaci\u00f3n que no dudo en calificarlas como chicanas&#8221;, afirm\u00f3 el secretario que responde a Cafiero al tiempo que describi\u00f3 que entre las provocaciones se puso en duda si los soldados ca\u00eddos deb\u00edan quedar sepultados en los lugares donde se los hallaba o si deb\u00edan ser trasladados al cementerio de Darwin junto al resto.<br>&#8220;La negativa que se ha ido vislumbrando de parte del Gobierno brit\u00e1nico nada tiene que ver con Foradori-Duncan, que lo comunicamos el tres de marzo, cuando ven\u00eda empiojada la negociaci\u00f3n&#8221;, aclar\u00f3 Carmona, y sum\u00f3: &#8220;Por otro lado, ve\u00edamos con preocupaci\u00f3n el hecho de que se mezclaba a menudo la cuesti\u00f3n humanitaria con el vuelo a Brasil, frente a la falta de gestos con establecer un vuelo directo. Ven\u00edamos viendo que no hab\u00eda predisposici\u00f3n&#8221;.<br>Asimismo, sostuvo que el Reino Unido &#8220;utiliza lo humanitario como palanca para otros intereses&#8221;, entre ellos, establecer vuelos a pa\u00eds terceros y evitar as\u00ed los directos, un reclamo constante, algo que desde el Gobierno consideran inaceptable, y denunci\u00f3: &#8220;Mezclan lo humanitario con cuestiones pol\u00edticas como, por ejemplo, que introduciendo otras tropas kosovares a Malvinas, eso no afecte procesos de di\u00e1logos. Protestamos y las r\u00e9plicas lo vemos en las dilaciones&#8221;.<br>En marzo, cuando el canciller se reuni\u00f3 con su par brit\u00e1nico James Cleverly para informarme la finalizaci\u00f3n del pacto Foradori &#8211; Duncan, aclar\u00f3 a trav\u00e9s de una nota escrita, que la decisi\u00f3n no involucraba los aspectos vinculados a lo humanitario, por eso, desde la Canciller\u00eda argumentan que la determinaci\u00f3n de brit\u00e1nica no responde al anuncio ya que consideran que la reticencia data de meses atr\u00e1s.<br>Carmona cont\u00f3 tambi\u00e9n que la embajadora brit\u00e1nica, Kirsty Hayes, busca &#8220;atribuir a que dejamos sin efecto el pacto Foradori &#8211; Duncan&#8221; y destac\u00f3 que el proceso de identificaci\u00f3n responde al derecho internacional humanitario. &#8220;Ellos con Macri lograron utilizar lo humanitario como palanca a sus intereses de otras naturaleza y lo siguen intentando&#8221;, subray\u00f3 respecto a las intenciones de la administraci\u00f3n de Sunak.<br>Por \u00faltimo, el secretario de Malvinas afirm\u00f3 que mantiene expectativas de concretar la tercera etapa, y traslad\u00f3 la responsabilidad a la administraci\u00f3n brit\u00e1nica al afirmar que &#8220;lo que falta es que el reino unido se disponga a firmar el acuerdo&#8221;.<\/p>\n","protected":false},"excerpt":{"rendered":"<p>En el marco del 41\u00b0 aniversario de la gesta de Malvinas, el Gobierno enfrenta una nueva escalada de tensi\u00f3n con el Reino Unido ante la dilataci\u00f3n de la puesta en&hellip; <\/p>\n","protected":false},"author":2,"featured_media":21383,"comment_status":"closed","ping_status":"open","sticky":false,"template":"","format":"standard","meta":{"footnotes":""},"categories":[20],"tags":[26],"class_list":["post-21382","post","type-post","status-publish","format-standard","has-post-thumbnail","hentry","category-politica","tag-destacada"],"_links":{"self":[{"href":"https:\/\/eenergetica.com.ar\/index.php\/wp-json\/wp\/v2\/posts\/21382","targetHints":{"allow":["GET"]}}],"collection":[{"href":"https:\/\/eenergetica.com.ar\/index.php\/wp-json\/wp\/v2\/posts"}],"about":[{"href":"https:\/\/eenergetica.com.ar\/index.php\/wp-json\/wp\/v2\/types\/post"}],"author":[{"embeddable":true,"href":"https:\/\/eenergetica.com.ar\/index.php\/wp-json\/wp\/v2\/users\/2"}],"replies":[{"embeddable":true,"href":"https:\/\/eenergetica.com.ar\/index.php\/wp-json\/wp\/v2\/comments?post=21382"}],"version-history":[{"count":1,"href":"https:\/\/eenergetica.com.ar\/index.php\/wp-json\/wp\/v2\/posts\/21382\/revisions"}],"predecessor-version":[{"id":21384,"href":"https:\/\/eenergetica.com.ar\/index.php\/wp-json\/wp\/v2\/posts\/21382\/revisions\/21384"}],"wp:featuredmedia":[{"embeddable":true,"href":"https:\/\/eenergetica.com.ar\/index.php\/wp-json\/wp\/v2\/media\/21383"}],"wp:attachment":[{"href":"https:\/\/eenergetica.com.ar\/index.php\/wp-json\/wp\/v2\/media?parent=21382"}],"wp:term":[{"taxonomy":"category","embeddable":true,"href":"https:\/\/eenergetica.com.ar\/index.php\/wp-json\/wp\/v2\/categories?post=21382"},{"taxonomy":"post_tag","embeddable":true,"href":"https:\/\/eenergetica.com.ar\/index.php\/wp-json\/wp\/v2\/tags?post=21382"}],"curies":[{"name":"wp","href":"https:\/\/api.w.org\/{rel}","templated":true}]}}