{"id":20988,"date":"2023-03-20T10:06:17","date_gmt":"2023-03-20T13:06:17","guid":{"rendered":"http:\/\/eenergetica.com.ar\/?p=20988"},"modified":"2023-03-20T10:06:17","modified_gmt":"2023-03-20T13:06:17","slug":"el-bid-advierte-que-la-turbulencia-financiera-amenaza-el-crecimiento-de-latinoamerica","status":"publish","type":"post","link":"https:\/\/eenergetica.com.ar\/index.php\/2023\/03\/20\/el-bid-advierte-que-la-turbulencia-financiera-amenaza-el-crecimiento-de-latinoamerica\/","title":{"rendered":"EL BID ADVIERTE QUE LA TURBULENCIA FINANCIERA AMENAZA EL CRECIMIENTO DE LATINOAM\u00c9RICA"},"content":{"rendered":"\n<p><strong>Am\u00e9rica Latina podr\u00eda registrar un crecimiento econ\u00f3mico nulo este a\u00f1o si la crisis bancaria en Estados Unidos y Europa &#8220;se contagia a todo el mundo&#8221;, dijo el domingo el economista jefe del Banco Interamericano de Desarrollo, Eric Parrado.<\/strong><\/p>\n\n\n\n<p>&nbsp; &nbsp;El funcionario, que habl\u00f3 durante la conferencia anual del organismo en Ciudad de Panam\u00e1, explic\u00f3 que el BID sigue siendo optimista de que en la regi\u00f3n &#8220;tenemos la resiliencia para enfrentar ese tipo de shocks&#8221;.<\/p>\n\n\n\n<p>&nbsp;&nbsp; El presidente del BID, Ilan Goldfajn, advirti\u00f3 el mi\u00e9rcoles que Am\u00e9rica Latina tiene un sistema financiero &#8220;muy resistente y bien gestionado&#8221;.<\/p>\n\n\n\n<p>&nbsp;&nbsp; Las acciones y las divisas de la regi\u00f3n cayeron el mi\u00e9rcoles ante la preocupaci\u00f3n de los operadores por la estabilidad del prestamista suizo Credit Suisse tras la quiebra del Silicon Valley Bank.<\/p>\n\n\n\n<p>&nbsp;&nbsp; Si la crisis bancaria no se extiende a la regi\u00f3n, el BID predice un crecimiento del 1% en 2023 y del 1,9% en 2024, significativamente por debajo del crecimiento del 3,9% en 2022, que fue mejor de lo esperado.<\/p>\n\n\n\n<p>&nbsp;&nbsp; Parrado dijo que las menores estimaciones de crecimiento se deben en parte a la deprimida demanda mundial, mayores precios de las materias primas y los altos tipos de inter\u00e9s para controlar la inflaci\u00f3n.<\/p>\n\n\n\n<p>&nbsp;&nbsp; Si bien la inflaci\u00f3n anual promedio en la regi\u00f3n comenz\u00f3 a ceder, alcanz\u00f3 el 9,6% en julio de 2022, la m\u00e1s alta desde la crisis financiera mundial de 2008, seg\u00fan el BID.<\/p>\n\n\n\n<p>&nbsp;&nbsp; Mientras los bancos centrales contin\u00faan manteniendo o endureciendo la pol\u00edtica monetaria, el BID aconsej\u00f3 a los pa\u00edses priorizar los subsidios para los sectores m\u00e1s pobres e incentivar las inversiones en infraestructura y el empleo formal, controlando al mismo tiempo los ratios de deuda p\u00fablica.<\/p>\n\n\n\n<p>&nbsp;&nbsp; A principios de esta semana, Moody&#8217;s Investors Service dijo que la incertidumbre global en el centro bancario tendr\u00eda un impacto limitado en los bancos latinoamericanos.<\/p>\n\n\n\n<p>&nbsp;&nbsp; El viernes, la Gobernadora del Banco de M\u00e9xico dijo que no ve\u00eda riesgo de contagio de la crisis bancaria estadounidense.<br><br>Inseguridad alimentaria.<br><br>Durante las reuniones del s\u00e1bado, el jefe de la Divisi\u00f3n Corporativa de Inversiones del BID, Aitor Ezcurra, tambi\u00e9n dijo que Am\u00e9rica Latina est\u00e1 sufriendo una crisis de seguridad alimentaria &#8220;sin precedentes&#8221;.<\/p>\n\n\n\n<p>&nbsp;&nbsp; Alrededor del 41% de los residentes de la regi\u00f3n experimentaron inseguridad alimentaria en 2021, frente al 32% en 2019, dijo Ezcurra. Culp\u00f3 al aumento de los precios de los alimentos y la ca\u00edda de la producci\u00f3n agr\u00edcola debido en parte al aumento de los costos de los fertilizantes, el combustible y otros insumos agr\u00edcolas.<\/p>\n\n\n\n<p>&nbsp;&nbsp; El BID, con sede en Washington, es un inversionista clave en Am\u00e9rica Latina y el Caribe, detr\u00e1s de casi 600 proyectos en curso de infraestructura, salud, turismo y otros. Fue responsable de 23.400 millones de d\u00f3lares en financiamiento y otros compromisos financieros en 2021.<\/p>\n\n\n\n<p>&nbsp;&nbsp; (Reporte de Milagro Vallecillos en Ciudad de Panam\u00e1, Jackie Botts en Ciudad de M\u00e9xico, con conribuci\u00f3n de Fabi\u00e1n Cambero en Santiago).<\/p>\n","protected":false},"excerpt":{"rendered":"<p>Am\u00e9rica Latina podr\u00eda registrar un crecimiento econ\u00f3mico nulo este a\u00f1o si la crisis bancaria en Estados Unidos y Europa &#8220;se contagia a todo el mundo&#8221;, dijo el domingo el economista&hellip; <\/p>\n","protected":false},"author":2,"featured_media":20989,"comment_status":"closed","ping_status":"open","sticky":false,"template":"","format":"standard","meta":{"footnotes":""},"categories":[21],"tags":[],"class_list":["post-20988","post","type-post","status-publish","format-standard","has-post-thumbnail","hentry","category-economia"],"_links":{"self":[{"href":"https:\/\/eenergetica.com.ar\/index.php\/wp-json\/wp\/v2\/posts\/20988","targetHints":{"allow":["GET"]}}],"collection":[{"href":"https:\/\/eenergetica.com.ar\/index.php\/wp-json\/wp\/v2\/posts"}],"about":[{"href":"https:\/\/eenergetica.com.ar\/index.php\/wp-json\/wp\/v2\/types\/post"}],"author":[{"embeddable":true,"href":"https:\/\/eenergetica.com.ar\/index.php\/wp-json\/wp\/v2\/users\/2"}],"replies":[{"embeddable":true,"href":"https:\/\/eenergetica.com.ar\/index.php\/wp-json\/wp\/v2\/comments?post=20988"}],"version-history":[{"count":1,"href":"https:\/\/eenergetica.com.ar\/index.php\/wp-json\/wp\/v2\/posts\/20988\/revisions"}],"predecessor-version":[{"id":20990,"href":"https:\/\/eenergetica.com.ar\/index.php\/wp-json\/wp\/v2\/posts\/20988\/revisions\/20990"}],"wp:featuredmedia":[{"embeddable":true,"href":"https:\/\/eenergetica.com.ar\/index.php\/wp-json\/wp\/v2\/media\/20989"}],"wp:attachment":[{"href":"https:\/\/eenergetica.com.ar\/index.php\/wp-json\/wp\/v2\/media?parent=20988"}],"wp:term":[{"taxonomy":"category","embeddable":true,"href":"https:\/\/eenergetica.com.ar\/index.php\/wp-json\/wp\/v2\/categories?post=20988"},{"taxonomy":"post_tag","embeddable":true,"href":"https:\/\/eenergetica.com.ar\/index.php\/wp-json\/wp\/v2\/tags?post=20988"}],"curies":[{"name":"wp","href":"https:\/\/api.w.org\/{rel}","templated":true}]}}