{"id":20961,"date":"2023-03-19T12:55:28","date_gmt":"2023-03-19T15:55:28","guid":{"rendered":"http:\/\/eenergetica.com.ar\/?p=20961"},"modified":"2023-03-19T12:55:29","modified_gmt":"2023-03-19T15:55:29","slug":"turismo-y-naturaleza-en-rio-negro","status":"publish","type":"post","link":"https:\/\/eenergetica.com.ar\/index.php\/2023\/03\/19\/turismo-y-naturaleza-en-rio-negro\/","title":{"rendered":"TURISMO Y NATURALEZA EN R\u00cdO NEGRO"},"content":{"rendered":"\n<p><strong>El ministro de Turismo y Deportes de R\u00edo Negro, Diego Cannestraci, dijo que continuar\u00e1 impulsando \u201cla articulaci\u00f3n p\u00fablico privada como eje para el desarrollo tur\u00edstico, la generaci\u00f3n de empleo y de actividad econ\u00f3mica\u201d provincial y que profundizar\u00e1 el \u201cenfoque regional en la b\u00fasqueda de los mercados de larga distancia\u201d, tras asumir como titular del Ente Patagonia Argentina.<\/strong><\/p>\n\n\n\n<p>Cannestraci identific\u00f3 los \u201cdesaf\u00edos\u201d que afronta en R\u00edo Negro desde que asumi\u00f3 el ministerio en febrero pasado y, tambi\u00e9n, la estrategia patag\u00f3nica para captar turismo internacional, en el marco de una entrevista en los estudios de T\u00e9lam Radio.&nbsp;<\/p>\n\n\n\n<p>En ese marco, se refiri\u00f3 al polo de atracci\u00f3n particular que constituye San Carlos de Bariloche, que suele liderar en caudales tur\u00edsticos nacionales, y contextualiz\u00f3 en la propuesta de \u201cturismo de naturaleza\u201d que la provincia viene ofreciendo.&nbsp;<\/p>\n\n\n\n<p>\u201cHay que seguir potenciando la articulaci\u00f3n p\u00fablico privada, esa gran ventaja que tenemos de poder trabajar en equipo entre los sectores que conforman la comunidad tur\u00edstica de la provincia, para que siga siendo lo que es, que es un gran generador de empleo y un gran generador de actividad econ\u00f3mica\u201d, expres\u00f3. &#8211;<\/p>\n\n\n\n<p>FUENTE&nbsp; TELAM SE&nbsp;<\/p>\n","protected":false},"excerpt":{"rendered":"<p>El ministro de Turismo y Deportes de R\u00edo Negro, Diego Cannestraci, dijo que continuar\u00e1 impulsando \u201cla articulaci\u00f3n p\u00fablico privada como eje para el desarrollo tur\u00edstico, la generaci\u00f3n de empleo y&hellip; <\/p>\n","protected":false},"author":2,"featured_media":20962,"comment_status":"closed","ping_status":"open","sticky":false,"template":"","format":"standard","meta":{"footnotes":""},"categories":[27],"tags":[],"class_list":["post-20961","post","type-post","status-publish","format-standard","has-post-thumbnail","hentry","category-turismo"],"_links":{"self":[{"href":"https:\/\/eenergetica.com.ar\/index.php\/wp-json\/wp\/v2\/posts\/20961","targetHints":{"allow":["GET"]}}],"collection":[{"href":"https:\/\/eenergetica.com.ar\/index.php\/wp-json\/wp\/v2\/posts"}],"about":[{"href":"https:\/\/eenergetica.com.ar\/index.php\/wp-json\/wp\/v2\/types\/post"}],"author":[{"embeddable":true,"href":"https:\/\/eenergetica.com.ar\/index.php\/wp-json\/wp\/v2\/users\/2"}],"replies":[{"embeddable":true,"href":"https:\/\/eenergetica.com.ar\/index.php\/wp-json\/wp\/v2\/comments?post=20961"}],"version-history":[{"count":1,"href":"https:\/\/eenergetica.com.ar\/index.php\/wp-json\/wp\/v2\/posts\/20961\/revisions"}],"predecessor-version":[{"id":20963,"href":"https:\/\/eenergetica.com.ar\/index.php\/wp-json\/wp\/v2\/posts\/20961\/revisions\/20963"}],"wp:featuredmedia":[{"embeddable":true,"href":"https:\/\/eenergetica.com.ar\/index.php\/wp-json\/wp\/v2\/media\/20962"}],"wp:attachment":[{"href":"https:\/\/eenergetica.com.ar\/index.php\/wp-json\/wp\/v2\/media?parent=20961"}],"wp:term":[{"taxonomy":"category","embeddable":true,"href":"https:\/\/eenergetica.com.ar\/index.php\/wp-json\/wp\/v2\/categories?post=20961"},{"taxonomy":"post_tag","embeddable":true,"href":"https:\/\/eenergetica.com.ar\/index.php\/wp-json\/wp\/v2\/tags?post=20961"}],"curies":[{"name":"wp","href":"https:\/\/api.w.org\/{rel}","templated":true}]}}