{"id":19657,"date":"2023-01-31T09:40:01","date_gmt":"2023-01-31T12:40:01","guid":{"rendered":"http:\/\/eenergetica.com.ar\/?p=19657"},"modified":"2023-01-31T09:40:02","modified_gmt":"2023-01-31T12:40:02","slug":"mendoza-pide-que-se-declare-inconstitucional-la-entrega-de-tierras-a-mapuches","status":"publish","type":"post","link":"https:\/\/eenergetica.com.ar\/index.php\/2023\/01\/31\/mendoza-pide-que-se-declare-inconstitucional-la-entrega-de-tierras-a-mapuches\/","title":{"rendered":"MENDOZA PIDE QUE SE DECLARE INCONSTITUCIONAL LA ENTREGA DE TIERRAS A MAPUCHES"},"content":{"rendered":"\n<p><strong>El gobernador de Mendoza, Rodolfo Su\u00e1rez, present\u00f3 un pedido para que se declare inconstitucional la decisi\u00f3n del gobierno nacional de otorgar m\u00e1s de 21.000 hect\u00e1reas a comunidades mapuches del sur de Mendoza.<\/strong><\/p>\n\n\n\n<p>&nbsp; &nbsp;Se trata de una resoluci\u00f3n del Instituto Nacional de Asuntos Ind\u00edgenas (INAI), que gener\u00f3 el rechazo de la administraci\u00f3n mendocina.<\/p>\n\n\n\n<p>&nbsp;&nbsp; &#8220;Solicit\u00e9 a la Asesor\u00eda de Gobierno y a la Fiscal\u00eda de Estado, que se realicen los procedimientos necesarios ante los organismos competentes para declarar la inconstitucionalidad de las resoluciones nacionales que han determinado la entrega de tierras en el Sur de la provincia&#8221;, resalt\u00f3 Su\u00e1rez.<\/p>\n\n\n\n<p>&nbsp;&nbsp; En su cuenta de la red social Twitter, sostuvo: &#8220;Por a\u00f1os el gobierno nacional ha permitido la desidia que hemos visto en la Patagonia en materia de seguridad, protegiendo a grupos que dicen ser descendientes de pueblos originarios y que someten los principios de libertad y propiedad privada. En Mendoza no lo permitiremos&#8221;.<\/p>\n\n\n\n<p>&nbsp;&nbsp; &#8220;Lo dije hace un a\u00f1o de manera exagerada, si no le damos la seriedad y la institucionalidad que el tema merece, alej\u00e1ndonos de los discursos fan\u00e1ticos, vamos a tener estos grupos exigiendo la entrega de propiedades en toda Mendoza&#8221;, afirm\u00f3 el mandatario mendocino.<\/p>\n\n\n\n<p>&nbsp;&nbsp; El presidente de la Uni\u00f3n C\u00edvica Radical, Gerardo Morales, sali\u00f3 a respaldar al gobernador de Mendoza: &#8220;El Gobierno entreg\u00f3 miles de hect\u00e1reas a pseudo Mapuches en Mendoza. Los mismos que incendian y siembran la violencia en la Patagonia, hoy son premiados&#8221;.<\/p>\n\n\n\n<p>&nbsp;&nbsp; &#8220;No podemos permitir este atropello a la soberan\u00eda nacional.<br>&nbsp;&nbsp;Todo mi apoyo a @rodysuarez y al pueblo mendocino&#8221;, agreg\u00f3 en su cuenta de Twitter el gobernador de Jujuy.<\/p>\n","protected":false},"excerpt":{"rendered":"<p>El gobernador de Mendoza, Rodolfo Su\u00e1rez, present\u00f3 un pedido para que se declare inconstitucional la decisi\u00f3n del gobierno nacional de otorgar m\u00e1s de 21.000 hect\u00e1reas a comunidades mapuches del sur&hellip; <\/p>\n","protected":false},"author":2,"featured_media":19658,"comment_status":"closed","ping_status":"open","sticky":false,"template":"","format":"standard","meta":{"footnotes":""},"categories":[24],"tags":[26],"class_list":["post-19657","post","type-post","status-publish","format-standard","has-post-thumbnail","hentry","category-provincia","tag-destacada"],"_links":{"self":[{"href":"https:\/\/eenergetica.com.ar\/index.php\/wp-json\/wp\/v2\/posts\/19657","targetHints":{"allow":["GET"]}}],"collection":[{"href":"https:\/\/eenergetica.com.ar\/index.php\/wp-json\/wp\/v2\/posts"}],"about":[{"href":"https:\/\/eenergetica.com.ar\/index.php\/wp-json\/wp\/v2\/types\/post"}],"author":[{"embeddable":true,"href":"https:\/\/eenergetica.com.ar\/index.php\/wp-json\/wp\/v2\/users\/2"}],"replies":[{"embeddable":true,"href":"https:\/\/eenergetica.com.ar\/index.php\/wp-json\/wp\/v2\/comments?post=19657"}],"version-history":[{"count":1,"href":"https:\/\/eenergetica.com.ar\/index.php\/wp-json\/wp\/v2\/posts\/19657\/revisions"}],"predecessor-version":[{"id":19659,"href":"https:\/\/eenergetica.com.ar\/index.php\/wp-json\/wp\/v2\/posts\/19657\/revisions\/19659"}],"wp:featuredmedia":[{"embeddable":true,"href":"https:\/\/eenergetica.com.ar\/index.php\/wp-json\/wp\/v2\/media\/19658"}],"wp:attachment":[{"href":"https:\/\/eenergetica.com.ar\/index.php\/wp-json\/wp\/v2\/media?parent=19657"}],"wp:term":[{"taxonomy":"category","embeddable":true,"href":"https:\/\/eenergetica.com.ar\/index.php\/wp-json\/wp\/v2\/categories?post=19657"},{"taxonomy":"post_tag","embeddable":true,"href":"https:\/\/eenergetica.com.ar\/index.php\/wp-json\/wp\/v2\/tags?post=19657"}],"curies":[{"name":"wp","href":"https:\/\/api.w.org\/{rel}","templated":true}]}}