{"id":19515,"date":"2023-01-26T11:33:57","date_gmt":"2023-01-26T14:33:57","guid":{"rendered":"http:\/\/eenergetica.com.ar\/?p=19515"},"modified":"2023-01-26T11:33:57","modified_gmt":"2023-01-26T14:33:57","slug":"ante-maniobras-de-bloqueo-el-frente-de-todos-presiona-a-juntos-por-el-cambio-para-que-no-obstruya-los-debates","status":"publish","type":"post","link":"https:\/\/eenergetica.com.ar\/index.php\/2023\/01\/26\/ante-maniobras-de-bloqueo-el-frente-de-todos-presiona-a-juntos-por-el-cambio-para-que-no-obstruya-los-debates\/","title":{"rendered":"ANTE MANIOBRAS DE BLOQUEO, EL FRENTE DE TODOS PRESIONA A JUNTOS POR EL CAMBIO PARA QUE NO OBSTRUYA LOS DEBATES"},"content":{"rendered":"\n<p><strong>Ante la actual coyuntura de bloqueo parlamentario que plantea Juntos por el Cambio como represalia por la ofensiva oficialista contra la Corte Suprema en la comisi\u00f3n de Juicio Pol\u00edtico, el Frente de Todos le pidi\u00f3 a la principal alianza opositora que desista de su postura obstruccionista y se digne a participar tanto de las comisiones como de las eventuales sesiones que vayan a convocarse en el actual per\u00edodo de extraordinarias.<\/strong><\/p>\n\n\n\n<p>&nbsp; &nbsp;&#8220;Hacemos un firme llamado a la responsabilidad pol\u00edtica e institucional de las y los diputados Nacionales de Juntos por el Cambio para que revean el posicionamiento expresado y cooperen para el tratamiento del temario, tanto en las comisiones como en el recinto&#8221;, remarcaron los diputados oficialistas en un comunicado.<\/p>\n\n\n\n<p>&nbsp;&nbsp; La actividad de la comisi\u00f3n de Juicio Pol\u00edtico que preside Carolina Gaillard es que lo que est\u00e1 atascando el resto de la agenda parlamentaria, ya que Juntos por el Cambio tom\u00f3 la intempestiva decisi\u00f3n de no participar de ning\u00fan debate en la medida en que el Frente de Todos mantenga en pie el proceso de juicio pol\u00edtico a la Corte. En el oficialismo consideran esta maniobra como un &#8220;chantaje&#8221; para blindar a &#8220;la Corte macrista&#8221; y el supuesto &#8220;lawfare judicial&#8221; que practica contra los l\u00edderes del peronismo.<\/p>\n\n\n\n<p>&nbsp;&nbsp; La realidad es que el Congreso se encuentra bloqueado desde antes de que el oficialismo presentara el proyecto de juicio pol\u00edtico y lo incluyera en el temario de sesiones extraordinarias.<\/p>\n\n\n\n<p>&nbsp;&nbsp;Durante diciembre fueron tres las sesiones a las que Juntos por el Cambio priv\u00f3 del qu\u00f3rum, inclusive en la que iban a reelegirse las autoridades del cuerpo, con Cecilia Moreau a la cabeza.<\/p>\n\n\n\n<p>&nbsp;&nbsp; Por eso, desde el oficialismo se atajan diciendo que a\u00fan si no hubieran incluido los proyectos de juicio pol\u00edtico en el temario de extraordinarias, no hab\u00eda ninguna garant\u00eda de que Juntos por el Cambio iba a facilitar el trabajo parlamentario.&nbsp;.<\/p>\n\n\n\n<p>&nbsp;&nbsp; En este contexto de empantanamiento, donde cada parte de la grieta mide los movimientos de la otra, el Frente de Todos sali\u00f3 con un at\u00edpico comunicado en el que le habla directamente a los referentes legislativos de Juntos por el Cambio, presion\u00e1ndolos para que &#8220;convoquen a sus respectivas comisiones para debatir todos los puntos que sean necesarios, a fin de arribar a los dict\u00e1menes de cada tema&#8221;.<\/p>\n\n\n\n<p>&nbsp;&nbsp; Hay comisiones que efectivamente est\u00e1n presididas por opositores como la de Agricultura, en manos del radical Ricardo Buryaile, quien deber\u00eda convocar al cuerpo para tratar el proyecto de ley de agroindustria, una iniciativa largamente debatida cuya redacci\u00f3n ya est\u00e1 lista luego de un proceso de intercambio y di\u00e1logo fruct\u00edfero entre las fuerzas mayoritarias.<\/p>\n\n\n\n<p>&nbsp;&nbsp; Pese a que ya est\u00e1n los consensos listos para firmar dictamen y llevar el tema al recinto, el formose\u00f1o tiene pisada la comisi\u00f3n y no piensa sacar el freno de mano hasta que el oficialismo no ponga fin a su embate a la Corte Suprema.<\/p>\n\n\n\n<p>&nbsp;&nbsp; &#8220;Rechazamos las expresiones efectuadas por legisladores nacionales de Juntos por el Cambio, que buscan bloquear e impedir el tratamiento de temas incorporados en el llamado a Sesiones Extraordinarias&#8221;, recriminaron.<\/p>\n\n\n\n<p>&nbsp;&nbsp; En este sentido, desde el oficialismo convocaron &#8220;a todos los bloques de esta Honorable C\u00e1mara a tener, como otras tantas veces, una actitud positiva para avanzar en el temario propuesto, dando los debates que haya que dar en cada comisi\u00f3n y en el recinto&#8221;.<\/p>\n\n\n\n<p>&nbsp;&nbsp; Concluyen el mensaje con una serie de consignas aleccionadoras: &#8220;Dar los debates. Trabajar en las comisiones. Trabajar en el recinto. Para eso somos diputados y diputadas nacionales&#8221;.<\/p>\n\n\n\n<p>&nbsp;&nbsp; La comisi\u00f3n que preside Gaillard dar\u00e1 este jueves a las 11 hs el puntapi\u00e9 inicial de un largo proceso en el que primeramente buscar\u00e1 abrir el sumario de acusaci\u00f3n contra los jueces, produciendo todas las pruebas necesarias para tal fin.&nbsp;.<\/p>\n\n\n\n<p>&nbsp;&nbsp; No obstante, ni sumando a sus potenciales aliados el Frente de Todos llegar\u00e1 al n\u00famero de dos tercios de los votos para poder aprobar la acusaci\u00f3n en la C\u00e1mara baja, y tampoco lograr\u00eda esa mayor\u00eda calificada en el Senado&nbsp; para declarar culpables a los magistrados acusados.<\/p>\n\n\n\n<p>&nbsp;&nbsp; En la primera reuni\u00f3n se dar\u00e1 vista a los 14 expedientes con pedidos de juicio pol\u00edtico contra el m\u00e1ximo tribunal. Hasta ayer eran 12, pero en las \u00faltimas 24 horas se sumaron dos m\u00e1s: uno contra el presidente de la Corte, Horacio Rosatti, presentado por el reconocido abogado y periodista Pablo Llonto, y otro contra los cuatro miembros del supremo tribunal presentado por Diego S\u00e1nchez.<\/p>\n\n\n\n<p>&nbsp;&nbsp; Son cuatro los causales que motivan los pedidos de juicio pol\u00edtico contra la Corte.<\/p>\n\n\n\n<p>&nbsp;&nbsp; En primer lugar se cuestiona a los cuatro jueces por el fallo que benefici\u00f3 a la Ciudad de Buenos Aires en el conflicto por la coparticipaci\u00f3n federal de recursos.<\/p>\n\n\n\n<p>&nbsp;&nbsp; En segundo t\u00e9rmino, se acusa a la Corte por el fallo con el que favoreci\u00f3 a Juntos por el Cambio (en detrimento del Frente de Todos) en la composici\u00f3n del Consejo de la Magistratura.<\/p>\n\n\n\n<p>&nbsp;&nbsp; Por \u00faltimo, hay pedidos de juicio pol\u00edtico que abrevan en el mal manejo de la obra social, y en el fallo del 2&#215;1 que pretendi\u00f3 beneficiar a represores de la \u00faltima dictadura militar.<\/p>\n","protected":false},"excerpt":{"rendered":"<p>Ante la actual coyuntura de bloqueo parlamentario que plantea Juntos por el Cambio como represalia por la ofensiva oficialista contra la Corte Suprema en la comisi\u00f3n de Juicio Pol\u00edtico, el&hellip; <\/p>\n","protected":false},"author":2,"featured_media":19516,"comment_status":"closed","ping_status":"open","sticky":false,"template":"","format":"standard","meta":{"footnotes":""},"categories":[20],"tags":[26],"class_list":["post-19515","post","type-post","status-publish","format-standard","has-post-thumbnail","hentry","category-politica","tag-destacada"],"_links":{"self":[{"href":"https:\/\/eenergetica.com.ar\/index.php\/wp-json\/wp\/v2\/posts\/19515","targetHints":{"allow":["GET"]}}],"collection":[{"href":"https:\/\/eenergetica.com.ar\/index.php\/wp-json\/wp\/v2\/posts"}],"about":[{"href":"https:\/\/eenergetica.com.ar\/index.php\/wp-json\/wp\/v2\/types\/post"}],"author":[{"embeddable":true,"href":"https:\/\/eenergetica.com.ar\/index.php\/wp-json\/wp\/v2\/users\/2"}],"replies":[{"embeddable":true,"href":"https:\/\/eenergetica.com.ar\/index.php\/wp-json\/wp\/v2\/comments?post=19515"}],"version-history":[{"count":1,"href":"https:\/\/eenergetica.com.ar\/index.php\/wp-json\/wp\/v2\/posts\/19515\/revisions"}],"predecessor-version":[{"id":19517,"href":"https:\/\/eenergetica.com.ar\/index.php\/wp-json\/wp\/v2\/posts\/19515\/revisions\/19517"}],"wp:featuredmedia":[{"embeddable":true,"href":"https:\/\/eenergetica.com.ar\/index.php\/wp-json\/wp\/v2\/media\/19516"}],"wp:attachment":[{"href":"https:\/\/eenergetica.com.ar\/index.php\/wp-json\/wp\/v2\/media?parent=19515"}],"wp:term":[{"taxonomy":"category","embeddable":true,"href":"https:\/\/eenergetica.com.ar\/index.php\/wp-json\/wp\/v2\/categories?post=19515"},{"taxonomy":"post_tag","embeddable":true,"href":"https:\/\/eenergetica.com.ar\/index.php\/wp-json\/wp\/v2\/tags?post=19515"}],"curies":[{"name":"wp","href":"https:\/\/api.w.org\/{rel}","templated":true}]}}