{"id":19386,"date":"2023-01-21T11:18:07","date_gmt":"2023-01-21T14:18:07","guid":{"rendered":"http:\/\/eenergetica.com.ar\/?p=19386"},"modified":"2023-01-21T11:18:08","modified_gmt":"2023-01-21T14:18:08","slug":"la-familia-de-natalia-melmann-pidio-que-no-le-otorguen-la-libertad-a-dos-condenados-por-el-crimen-de-la-joven","status":"publish","type":"post","link":"https:\/\/eenergetica.com.ar\/index.php\/2023\/01\/21\/la-familia-de-natalia-melmann-pidio-que-no-le-otorguen-la-libertad-a-dos-condenados-por-el-crimen-de-la-joven\/","title":{"rendered":"LA FAMILIA DE NATALIA MELMANN PIDI\u00d3 QUE NO LE OTORGUEN LA LIBERTAD A DOS CONDENADOS POR EL CRIMEN DE LA JOVEN"},"content":{"rendered":"\n<p><strong>La familia de Natalia Melmann, la joven de 15 a\u00f1os que fue asesinada el 4 de febrero de 2001 en Miramar, pidi\u00f3 ante la justicia marplatense que no le otorguen la libertad a dos condenados por el crimen.<\/strong><\/p>\n\n\n\n<p>&nbsp; &nbsp;El reclamo de la familia de la v\u00edctima se da luego de que las defensas de los ex polic\u00edas Oscar Echenique, de 61 a\u00f1os, y Ricardo Anselmini, de 53, solicitaran el beneficio de la libertad anticipada y que estaba previsto se resolviera este viernes por la C\u00e1mara de Apelaciones y Garant\u00edas de esa ciudad.<\/p>\n\n\n\n<p>&nbsp;&nbsp; &#8220;Este es un delito del Estado, eran polic\u00edas que estaban en funciones cuando raptaron a una jovencita de 15 a\u00f1os con el af\u00e1n de divertirse, torturarla, violarla, matarla y tirarla en el vivero Ameghino como basura cuatro d\u00edas despu\u00e9s&#8221;, dijo Gustavo Melmann, el padre de la joven.<\/p>\n\n\n\n<p>&nbsp;&nbsp; &#8220;Lo \u00fanico que pedimos es que los asesinos cumplan los 25 a\u00f1os que con el C\u00f3digo Penal se les dio en ese momento. Ni un d\u00eda m\u00e1s, ni un d\u00eda menos. Esta causa no es nuestra sino del pueblo argentino, de la ciudad de Miramar y todos estamos esperando una respuesta de estos jueces acorde a la necesidad de la poblaci\u00f3n&#8221;, agreg\u00f3 Gustavo, acompa\u00f1ado por Marta Montero y Guillermo P\u00e9rez, los padres de Luc\u00eda P\u00e9rez.<\/p>\n\n\n\n<p>&nbsp;&nbsp; &#8220;Llevamos casi 22 a\u00f1os de lucha y tambi\u00e9n de difamaci\u00f3n, de barbaridades que se han dicho. Hoy esperamos que estos femicidas, estos personajes de la polic\u00eda que estaban en servicio, no salgan de prisi\u00f3n&#8221;, reclam\u00f3 el padre de Natalia.<\/p>\n\n\n\n<p>&nbsp;&nbsp; En tanto, Laura Calampuca, la madre de Natalia, dijo que los condenados &#8220;se valieron de ser polic\u00edas para matar a Naty&#8221;.<\/p>\n\n\n\n<p>&nbsp;&nbsp; El reclamo de la familia de la v\u00edctima se dio en medio de una movilizaci\u00f3n de la que participaron allegados y diversas organizaciones de g\u00e9nero en los tribunales marplatenses.<\/p>\n\n\n\n<p>&nbsp;&nbsp; Los ex polic\u00edas, Echenique y Anselmini, fueron condenados a prisi\u00f3n perpetua por secuestrar, torturar, abusar y asesinar a Natalia Melman.<\/p>\n\n\n\n<p>&nbsp;&nbsp; Adem\u00e1s de los dos ex polic\u00edas, tambi\u00e9n fue condenado a prisi\u00f3n perpetua otro polic\u00eda, Ricardo Su\u00e1rez, de 58 a\u00f1os, y a quien los jueces le atribuyeron tambi\u00e9n los delitos de &#8220;rapto, abuso sexual con acceso carnal agravado por la pluralidad de personas y homicidio criminis causa&#8221;.<\/p>\n\n\n\n<p>&nbsp;&nbsp; Por su parte, Patricia Perell\u00f3, abogada defensora de los ex polic\u00edas, dijo en declaraciones al portal 0223, que &#8220;est\u00e1n dadas todas las condiciones legales para que los defendidos recuperen la libertad&#8221;, ya que es &#8220;lo que corresponde transcurridos los 20 a\u00f1os de condena es la libertad&#8221;.<\/p>\n","protected":false},"excerpt":{"rendered":"<p>La familia de Natalia Melmann, la joven de 15 a\u00f1os que fue asesinada el 4 de febrero de 2001 en Miramar, pidi\u00f3 ante la justicia marplatense que no le otorguen&hellip; <\/p>\n","protected":false},"author":2,"featured_media":19387,"comment_status":"closed","ping_status":"open","sticky":false,"template":"","format":"standard","meta":{"footnotes":""},"categories":[22],"tags":[],"class_list":["post-19386","post","type-post","status-publish","format-standard","has-post-thumbnail","hentry","category-sociedad"],"_links":{"self":[{"href":"https:\/\/eenergetica.com.ar\/index.php\/wp-json\/wp\/v2\/posts\/19386","targetHints":{"allow":["GET"]}}],"collection":[{"href":"https:\/\/eenergetica.com.ar\/index.php\/wp-json\/wp\/v2\/posts"}],"about":[{"href":"https:\/\/eenergetica.com.ar\/index.php\/wp-json\/wp\/v2\/types\/post"}],"author":[{"embeddable":true,"href":"https:\/\/eenergetica.com.ar\/index.php\/wp-json\/wp\/v2\/users\/2"}],"replies":[{"embeddable":true,"href":"https:\/\/eenergetica.com.ar\/index.php\/wp-json\/wp\/v2\/comments?post=19386"}],"version-history":[{"count":1,"href":"https:\/\/eenergetica.com.ar\/index.php\/wp-json\/wp\/v2\/posts\/19386\/revisions"}],"predecessor-version":[{"id":19388,"href":"https:\/\/eenergetica.com.ar\/index.php\/wp-json\/wp\/v2\/posts\/19386\/revisions\/19388"}],"wp:featuredmedia":[{"embeddable":true,"href":"https:\/\/eenergetica.com.ar\/index.php\/wp-json\/wp\/v2\/media\/19387"}],"wp:attachment":[{"href":"https:\/\/eenergetica.com.ar\/index.php\/wp-json\/wp\/v2\/media?parent=19386"}],"wp:term":[{"taxonomy":"category","embeddable":true,"href":"https:\/\/eenergetica.com.ar\/index.php\/wp-json\/wp\/v2\/categories?post=19386"},{"taxonomy":"post_tag","embeddable":true,"href":"https:\/\/eenergetica.com.ar\/index.php\/wp-json\/wp\/v2\/tags?post=19386"}],"curies":[{"name":"wp","href":"https:\/\/api.w.org\/{rel}","templated":true}]}}