{"id":19056,"date":"2023-01-10T09:56:21","date_gmt":"2023-01-10T12:56:21","guid":{"rendered":"http:\/\/eenergetica.com.ar\/?p=19056"},"modified":"2023-01-10T09:56:22","modified_gmt":"2023-01-10T12:56:22","slug":"desde-la-provincia-de-buenos-aires-aseguran-que-no-habra-paro-de-colectivos-y-amenazan-con-sanciones","status":"publish","type":"post","link":"https:\/\/eenergetica.com.ar\/index.php\/2023\/01\/10\/desde-la-provincia-de-buenos-aires-aseguran-que-no-habra-paro-de-colectivos-y-amenazan-con-sanciones\/","title":{"rendered":"DESDE LA PROVINCIA DE BUENOS AIRES ASEGURAN QUE NO HABR\u00c1 PARO DE COLECTIVOS Y AMENAZAN CON SANCIONES"},"content":{"rendered":"\n<p><strong>El ministro de Transporte de la provincia de Buenos Aires, Jorge D\u00b4Onofrio, afirm\u00f3 hoy que &#8220;no habr\u00e1 retenci\u00f3n de tareas&#8221; en los servicios de colectivos y amenaz\u00f3 con sanciones para las empresas que limiten la circulaci\u00f3n de sus unidades.<\/strong><\/p>\n\n\n\n<p>&nbsp; &nbsp;&#8220;Hoy se van a hacer las transferencias y las c\u00e1maras me garantizaron que no iba a haber retenci\u00f3n de tareas&#8221;, sostuvo el funcionario en declaraciones radiales.<\/p>\n\n\n\n<p>&nbsp;&nbsp; Desde las C\u00e1maras de empresarios del transporte se\u00f1alaron a este medio que &#8220;hasta que no est\u00e9 depositada la plata se seguir\u00e1 en la modalidad de ahorro&#8221;.<\/p>\n\n\n\n<p>&nbsp;&nbsp; Al iniciarse 2023 se recicl\u00f3 la disputa entre las empresas que reclaman los pagos en tiempo y forma de los subsidios que deben entregar el Gobierno nacional y la provincia de Buenos Aires.<\/p>\n\n\n\n<p>&nbsp;&nbsp; &#8220;Me llama la atenci\u00f3n, porque a principios de a\u00f1o siempre hay un retraso. Me resulta rar\u00edsimo que cuando estamos reclamando que nos den el mismo tratamiento de la Ciudad, suceda esto de la manera que se hizo&#8221;, recalc\u00f3 D\u00b4Onofrio.<\/p>\n\n\n\n<p>&nbsp;&nbsp; El ministro afirm\u00f3: &#8220;En la Ciudad vemos unidades vac\u00edas y en provincia tenemos demanda insatisfecha&#8221;, tras lo cual despleg\u00f3 un manto de sospecha sobre el objetivo del paro anunciado: &#8220;No creo que sea una cuesti\u00f3n de liquidez de las c\u00e1maras. El retraso es de 4 d\u00edas h\u00e1biles&#8221;.<\/p>\n\n\n\n<p>&nbsp;&nbsp; &#8220;Nos atrasamos 4 d\u00edas y hay un lock out patronal, la Ciudad se atrasa un mes y no pasa nada&#8221;, insisti\u00f3.<\/p>\n\n\n\n<p>&nbsp;&nbsp; &#8220;Las empresas son muy r\u00e1pidas para comunicar la medida de fuerza, pero no que no se hace. La pr\u00f3xima vez voy a publicar los WhatsApp&#8221;, enfatiz\u00f3 D\u00b4Onofrio, quien al mismo tiempo alert\u00f3 que &#8220;si una unidad no sale a la calle, ser\u00e1 sancionada&#8221; .<\/p>\n","protected":false},"excerpt":{"rendered":"<p>El ministro de Transporte de la provincia de Buenos Aires, Jorge D\u00b4Onofrio, afirm\u00f3 hoy que &#8220;no habr\u00e1 retenci\u00f3n de tareas&#8221; en los servicios de colectivos y amenaz\u00f3 con sanciones para&hellip; <\/p>\n","protected":false},"author":2,"featured_media":19057,"comment_status":"closed","ping_status":"open","sticky":false,"template":"","format":"standard","meta":{"footnotes":""},"categories":[21],"tags":[],"class_list":["post-19056","post","type-post","status-publish","format-standard","has-post-thumbnail","hentry","category-economia"],"_links":{"self":[{"href":"https:\/\/eenergetica.com.ar\/index.php\/wp-json\/wp\/v2\/posts\/19056","targetHints":{"allow":["GET"]}}],"collection":[{"href":"https:\/\/eenergetica.com.ar\/index.php\/wp-json\/wp\/v2\/posts"}],"about":[{"href":"https:\/\/eenergetica.com.ar\/index.php\/wp-json\/wp\/v2\/types\/post"}],"author":[{"embeddable":true,"href":"https:\/\/eenergetica.com.ar\/index.php\/wp-json\/wp\/v2\/users\/2"}],"replies":[{"embeddable":true,"href":"https:\/\/eenergetica.com.ar\/index.php\/wp-json\/wp\/v2\/comments?post=19056"}],"version-history":[{"count":1,"href":"https:\/\/eenergetica.com.ar\/index.php\/wp-json\/wp\/v2\/posts\/19056\/revisions"}],"predecessor-version":[{"id":19058,"href":"https:\/\/eenergetica.com.ar\/index.php\/wp-json\/wp\/v2\/posts\/19056\/revisions\/19058"}],"wp:featuredmedia":[{"embeddable":true,"href":"https:\/\/eenergetica.com.ar\/index.php\/wp-json\/wp\/v2\/media\/19057"}],"wp:attachment":[{"href":"https:\/\/eenergetica.com.ar\/index.php\/wp-json\/wp\/v2\/media?parent=19056"}],"wp:term":[{"taxonomy":"category","embeddable":true,"href":"https:\/\/eenergetica.com.ar\/index.php\/wp-json\/wp\/v2\/categories?post=19056"},{"taxonomy":"post_tag","embeddable":true,"href":"https:\/\/eenergetica.com.ar\/index.php\/wp-json\/wp\/v2\/tags?post=19056"}],"curies":[{"name":"wp","href":"https:\/\/api.w.org\/{rel}","templated":true}]}}