{"id":18787,"date":"2022-12-31T12:16:04","date_gmt":"2022-12-31T15:16:04","guid":{"rendered":"http:\/\/eenergetica.com.ar\/?p=18787"},"modified":"2022-12-31T12:16:05","modified_gmt":"2022-12-31T15:16:05","slug":"el-ex-ceo-de-syngenta-sera-el-nuevo-jefe-de-asesores-de-alberto-fernandez","status":"publish","type":"post","link":"https:\/\/eenergetica.com.ar\/index.php\/2022\/12\/31\/el-ex-ceo-de-syngenta-sera-el-nuevo-jefe-de-asesores-de-alberto-fernandez\/","title":{"rendered":"EL EX CEO DE SYNGENTA SER\u00c1 EL NUEVO JEFE DE ASESORES DE ALBERTO FERN\u00c1NDEZ"},"content":{"rendered":"\n<p><strong>El gobierno de Alberto Fern\u00e1ndez prepara el desembarco en el Gabinete nacional del ex CEO de Syngenta, Antonio Aracre, quien asumir\u00e1 en breve como el pr\u00f3ximo jefe de asesores de la Presidencia de la Naci\u00f3n.<\/strong><\/p>\n\n\n\n<p>&nbsp; &nbsp;As\u00ed lo confirmaron a Noticias Argentinas fuentes oficiales, quienes precisaron que su nombramiento ser\u00e1 en breve, dado que el puesto qued\u00f3 vacante desde que renunci\u00f3 Juli\u00e1n Leunda.<\/p>\n\n\n\n<p>&nbsp;&nbsp; La salida de Leunda se produjo el pasado 6 de diciembre, cuando el entonces funcionario nacional qued\u00f3 envuelto en una pol\u00e9mica por ser mencionado en un supuesto chat de jueces, funcionarios y empresarios que hicieron un viaje conjunto a la estancia de Joe Lewis, en Lago Escondido.<\/p>\n\n\n\n<p>&nbsp;&nbsp; Seg\u00fan supo NA, la noticia de la llegada del ex CEO de una de las compa\u00f1\u00edas l\u00edderes mundiales vinculada al agro se oficializar\u00eda la semana entrante, cuando el jefe de Estado haya regresado de Brasil, a donde viajar\u00e1 este domingo para participar de la asunci\u00f3n de Luiz In\u00e1cio &#8220;Lula&#8221; da Silva. .<\/p>\n\n\n\n<p>&nbsp;&nbsp; Desde el entorno del empresario afirmaron a Noticias Argentinas que se trata de una gran oportunidad para Aracre, quien buscar\u00e1 &#8220;aprender de los desaf\u00edos de la actividad p\u00fablica desde la \u00f3ptica de la actividad privada&#8221; y realizar aportes desde su experiencia.<\/p>\n\n\n\n<p>&nbsp;&nbsp; El empresario y el jefe de Estado se hab\u00edan reunido en la Quinta de Olivos el pasado 19 de diciembre, cuya reuni\u00f3n hab\u00eda sido dada a conocer por Aracre a trav\u00e9s de sus redes sociales.<\/p>\n\n\n\n<p>&nbsp;&nbsp; &#8220;Ayer Campeones del Mundo con la selecci\u00f3n de \u26bd\ufe0f y hoy Desayuno en Olivos con el Presidente Alberto Fern\u00e1ndez. Podr\u00e1n empezar la semana mejor que yo?&#8221;, hab\u00eda publicado Aracre en su cuenta de Twitter junto a una selfie en la que se lo puede ver con Alberto Fern\u00e1ndez.<\/p>\n\n\n\n<p>&nbsp;&nbsp; Aracre ya hab\u00eda adelantado su decisi\u00f3n de dedicarse a la pol\u00edtica cuando renunci\u00f3 a Syngenta: &#8220;Luego de 36 a\u00f1os en la compa\u00f1\u00eda y los \u00faltimos doce como CEO para Latam Sur, he decidido retirarme tempranamente de Syngenta a partir del 31 de diciembre de este a\u00f1o, para permitirme so\u00f1ar con nuevos desaf\u00edos&#8221;.<\/p>\n\n\n\n<p>&nbsp;&nbsp; &#8220;Ahora viene un tiempo en el que me dejar\u00e9 sorprender por la vida y podr\u00e9 elegir hacer lo que me haga m\u00e1s feliz&#8221;, poste\u00f3 en su cuenta de Twitter el pasado 12 de octubre.<\/p>\n\n\n\n<p>&nbsp;&nbsp; El ex CEO de Syngenta es contador, egresado de la Universidad de Buenos Aires, y cuenta con estudios de posgrado en la Universidad Argentina de la Empresa y la Universidad Austral.<\/p>\n","protected":false},"excerpt":{"rendered":"<p>El gobierno de Alberto Fern\u00e1ndez prepara el desembarco en el Gabinete nacional del ex CEO de Syngenta, Antonio Aracre, quien asumir\u00e1 en breve como el pr\u00f3ximo jefe de asesores de&hellip; <\/p>\n","protected":false},"author":2,"featured_media":18788,"comment_status":"closed","ping_status":"open","sticky":false,"template":"","format":"standard","meta":{"footnotes":""},"categories":[20],"tags":[],"class_list":["post-18787","post","type-post","status-publish","format-standard","has-post-thumbnail","hentry","category-politica"],"_links":{"self":[{"href":"https:\/\/eenergetica.com.ar\/index.php\/wp-json\/wp\/v2\/posts\/18787","targetHints":{"allow":["GET"]}}],"collection":[{"href":"https:\/\/eenergetica.com.ar\/index.php\/wp-json\/wp\/v2\/posts"}],"about":[{"href":"https:\/\/eenergetica.com.ar\/index.php\/wp-json\/wp\/v2\/types\/post"}],"author":[{"embeddable":true,"href":"https:\/\/eenergetica.com.ar\/index.php\/wp-json\/wp\/v2\/users\/2"}],"replies":[{"embeddable":true,"href":"https:\/\/eenergetica.com.ar\/index.php\/wp-json\/wp\/v2\/comments?post=18787"}],"version-history":[{"count":1,"href":"https:\/\/eenergetica.com.ar\/index.php\/wp-json\/wp\/v2\/posts\/18787\/revisions"}],"predecessor-version":[{"id":18789,"href":"https:\/\/eenergetica.com.ar\/index.php\/wp-json\/wp\/v2\/posts\/18787\/revisions\/18789"}],"wp:featuredmedia":[{"embeddable":true,"href":"https:\/\/eenergetica.com.ar\/index.php\/wp-json\/wp\/v2\/media\/18788"}],"wp:attachment":[{"href":"https:\/\/eenergetica.com.ar\/index.php\/wp-json\/wp\/v2\/media?parent=18787"}],"wp:term":[{"taxonomy":"category","embeddable":true,"href":"https:\/\/eenergetica.com.ar\/index.php\/wp-json\/wp\/v2\/categories?post=18787"},{"taxonomy":"post_tag","embeddable":true,"href":"https:\/\/eenergetica.com.ar\/index.php\/wp-json\/wp\/v2\/tags?post=18787"}],"curies":[{"name":"wp","href":"https:\/\/api.w.org\/{rel}","templated":true}]}}