{"id":18784,"date":"2022-12-31T12:13:10","date_gmt":"2022-12-31T15:13:10","guid":{"rendered":"http:\/\/eenergetica.com.ar\/?p=18784"},"modified":"2022-12-31T12:13:10","modified_gmt":"2022-12-31T15:13:10","slug":"macri-disparo-con-municion-gruesa-hoy-no-tenemos-presidente","status":"publish","type":"post","link":"https:\/\/eenergetica.com.ar\/index.php\/2022\/12\/31\/macri-disparo-con-municion-gruesa-hoy-no-tenemos-presidente\/","title":{"rendered":"MACRI DISPAR\u00d3 CON MUNICI\u00d3N GRUESA: &#8220;HOY NO TENEMOS PRESIDENTE&#8221;"},"content":{"rendered":"\n<p><strong>El exmandatario Mauricio Macri critic\u00f3 hoy al gobierno de Alberto Fern\u00e1ndez al decir que la Argentina &#8220;no tiene presidente&#8221;, debido a la improvisaci\u00f3n que impera en la gesti\u00f3n actual, y tambi\u00e9n se refiri\u00f3 a la pol\u00e9mica por los fondos de la coparticipaci\u00f3n que le corresponden a la Ciudad, que seg\u00fan su visi\u00f3n &#8220;altera el orden constitucional de manera inaceptable&#8221;.<\/strong><\/p>\n\n\n\n<p>&nbsp; &nbsp;Macri no ahorr\u00f3 cr\u00edticas hacia su sucesor en la Casa Rosada y expres\u00f3 que el gobierno del Frente de Todos se basa en &#8220;una cultura de poder enferma que nos llev\u00f3 a este nivel de decadencia, inflaci\u00f3n y pobreza que crece todos los d\u00edas&#8221;.<\/p>\n\n\n\n<p>&nbsp;&nbsp; &#8220;Y lo peor de todo, nos llev\u00f3 a salirnos del mundo. O somos partes del mundo o no vamos a tener futuro&#8221;, dijo en una entrevista con el canal La Naci\u00f3n+.<\/p>\n\n\n\n<p>&nbsp;&nbsp; Adem\u00e1s, sostuvo que el gobierno actual es un &#8220;experimento que pudo tener \u00e9xito para enga\u00f1ar a una peque\u00f1a porci\u00f3n de la sociedad que hoy est\u00e1 arrepentida. Cuando se improvisa con gente que no est\u00e1 preparada, pasa esto. Hoy no tenemos Presidente&#8221;.<\/p>\n\n\n\n<p>&nbsp;&nbsp; Por otra parte, y acerca de la actitud del presidente Fern\u00e1ndez de no acatar el fallo de la Corte Suprema para devolverle los fondos a la Ciudad, consider\u00f3 que &#8220;Hay una completa confusi\u00f3n acerca de cu\u00e1l es el rol fundamental que tiene un l\u00edder pol\u00edtico.<\/p>\n\n\n\n<p>&nbsp;&nbsp;\u00c9l tiene que generar condiciones (&#8230;). Pero cuando violas la Constituci\u00f3n, lo \u00fanico que haces es llenar de pozos la cancha&#8221;, sostuvo.<\/p>\n\n\n\n<p>&nbsp;&nbsp; En ese sentido, Macri compar\u00f3 lo sucedido con el levantamiento militar de 1987, encabezado por los &#8220;carapintadas&#8221;, durante el gobierno de Ra\u00fal Alfons\u00edn.<\/p>\n\n\n\n<p>&nbsp;&nbsp; &#8220;Es de lo m\u00e1s grave que nos ha pasado en los \u00faltimos d\u00edas, solamente comparable con el levantamiento de los &#8216;carapintadas&#8217;.<\/p>\n\n\n\n<p>&nbsp;&nbsp;Es alterar el orden institucional de forma inaceptable. Es una clara violaci\u00f3n a nuestro sistema democr\u00e1tico. Ellos tendr\u00edan que ya estar depositando la plata en el banco&#8221;, dijo.<\/p>\n\n\n\n<p>&nbsp;&nbsp; Y tambi\u00e9n se refiri\u00f3 al grupo de 18 gobernadores que respaldaron la postura del jefe de Estado al considerar que &#8220;Fue algo muy triste. Son gobernadores que pueden ser parte del futuro de la Argentina y terminaron escud\u00e1ndose tras argumentos falaces y acompa\u00f1ando la violaci\u00f3n de la Constituci\u00f3n Nacional&#8221;.<\/p>\n\n\n\n<p>&nbsp;&nbsp; &#8220;Cuando el mundo ve que pasan cosas como esta, se dan cuenta de que ac\u00e1 no hay reglas&#8221;, critic\u00f3.<\/p>\n\n\n\n<p>&nbsp;&nbsp; En la misma l\u00ednea, Macri se quej\u00f3 por el accionar del dirigente social Juan Grabois, quien irrumpi\u00f3 en una propiedad privada en la provincia de R\u00edo Negro.<\/p>\n\n\n\n<p>&nbsp;&nbsp; &#8220;No hay reglas&#8221;, setenci\u00f3, y agreg\u00f3 que &#8220;el problema es del Gobierno, que lo deja hacer y se rige por el lema &#8216;vale todo'&#8221;.<\/p>\n\n\n\n<p>&nbsp;&nbsp; &#8220;Qui\u00e9n va a estar pensando en invertir y comprar un campo en la Argentina, y generar 200 puestos de trabajo como hizo Joe Lewis si este se\u00f1or puede ir con 80 energ\u00famenos y met\u00e9rsele en su casa y acamparle ah\u00ed?. Esto no es opinable. En ninguna sociedad seria es opinable&#8221;, insisti\u00f3.<\/p>\n","protected":false},"excerpt":{"rendered":"<p>El exmandatario Mauricio Macri critic\u00f3 hoy al gobierno de Alberto Fern\u00e1ndez al decir que la Argentina &#8220;no tiene presidente&#8221;, debido a la improvisaci\u00f3n que impera en la gesti\u00f3n actual, y&hellip; <\/p>\n","protected":false},"author":2,"featured_media":18785,"comment_status":"closed","ping_status":"open","sticky":false,"template":"","format":"standard","meta":{"footnotes":""},"categories":[20],"tags":[],"class_list":["post-18784","post","type-post","status-publish","format-standard","has-post-thumbnail","hentry","category-politica"],"_links":{"self":[{"href":"https:\/\/eenergetica.com.ar\/index.php\/wp-json\/wp\/v2\/posts\/18784","targetHints":{"allow":["GET"]}}],"collection":[{"href":"https:\/\/eenergetica.com.ar\/index.php\/wp-json\/wp\/v2\/posts"}],"about":[{"href":"https:\/\/eenergetica.com.ar\/index.php\/wp-json\/wp\/v2\/types\/post"}],"author":[{"embeddable":true,"href":"https:\/\/eenergetica.com.ar\/index.php\/wp-json\/wp\/v2\/users\/2"}],"replies":[{"embeddable":true,"href":"https:\/\/eenergetica.com.ar\/index.php\/wp-json\/wp\/v2\/comments?post=18784"}],"version-history":[{"count":1,"href":"https:\/\/eenergetica.com.ar\/index.php\/wp-json\/wp\/v2\/posts\/18784\/revisions"}],"predecessor-version":[{"id":18786,"href":"https:\/\/eenergetica.com.ar\/index.php\/wp-json\/wp\/v2\/posts\/18784\/revisions\/18786"}],"wp:featuredmedia":[{"embeddable":true,"href":"https:\/\/eenergetica.com.ar\/index.php\/wp-json\/wp\/v2\/media\/18785"}],"wp:attachment":[{"href":"https:\/\/eenergetica.com.ar\/index.php\/wp-json\/wp\/v2\/media?parent=18784"}],"wp:term":[{"taxonomy":"category","embeddable":true,"href":"https:\/\/eenergetica.com.ar\/index.php\/wp-json\/wp\/v2\/categories?post=18784"},{"taxonomy":"post_tag","embeddable":true,"href":"https:\/\/eenergetica.com.ar\/index.php\/wp-json\/wp\/v2\/tags?post=18784"}],"curies":[{"name":"wp","href":"https:\/\/api.w.org\/{rel}","templated":true}]}}