{"id":18572,"date":"2022-12-23T12:29:55","date_gmt":"2022-12-23T15:29:55","guid":{"rendered":"http:\/\/eenergetica.com.ar\/?p=18572"},"modified":"2022-12-23T12:29:56","modified_gmt":"2022-12-23T15:29:56","slug":"l-gante-fue-citado-a-declarar-en-dos-causas-una-por-amenazas-y-otra-por-supuestas-lesiones","status":"publish","type":"post","link":"https:\/\/eenergetica.com.ar\/index.php\/2022\/12\/23\/l-gante-fue-citado-a-declarar-en-dos-causas-una-por-amenazas-y-otra-por-supuestas-lesiones\/","title":{"rendered":"L-GANTE FUE CITADO A DECLARAR EN DOS CAUSAS: UNA POR AMENAZAS Y OTRA POR SUPUESTAS LESIONES"},"content":{"rendered":"\n<p><strong>El cantante L-Gante fue citado a declarar el pr\u00f3ximo 1 de febrero en dos causas diferentes: una por da\u00f1os y amenazas durante una caravana, mientras que la segunda por presuntas lesiones leves durante una pelea.<\/strong><\/p>\n\n\n\n<p>&nbsp; &nbsp;En la primera, el hecho data de diciembre de 2021 y la Justicia pudo acreditar que el reconocido m\u00fasico, junto a Tamara B\u00e1ez y Luis Ib\u00e1\u00f1ez, da\u00f1aron un veh\u00edculo Toyota modelo RAV perteneciente a Daniela Roc\u00edo Vicente, tras una discusi\u00f3n de tr\u00e1nsito en la Ruta 5 y la calle Demaestri, del partido General Rodr\u00edguez.<\/p>\n\n\n\n<p>&nbsp;&nbsp; En la misma l\u00ednea, se comprob\u00f3 que Eli\u00e1n Valenzuela (L-Gante) amenaz\u00f3 a Vicente despu\u00e9s del cruce de palabras. &#8220;Ya est\u00e1s marcada&#8221;, se\u00f1ala el parte judicial al que accedi\u00f3 Noticias Argentinas. La indagatoria est\u00e1 prevista para las 10 horas del 1 de febrero de 2023.<\/p>\n\n\n\n<p>&nbsp;&nbsp; Por otra parte, el medi\u00e1tico tambi\u00e9n deber\u00e1 prestar declaraci\u00f3n en otra causa por \u2014supuestas\u2014 lesiones leves luego de una pelea el 27 de mayo de este a\u00f1o en la Plaza Bicentenario de la misma localidad. Seg\u00fan especifica el pedido del Poder Judicial bonaerense, &#8220;Elian Valenzuela y Danilo Sebasti\u00e1n Fern\u00e1ndez, en compa\u00f1\u00eda de sujetos masculinos a\u00fan no identificados, mediante golpes de pu\u00f1o y patadas&#8221; le ocasionaron a Lautaro Luis Duarte lesiones cortantes &#8220;leves&#8221;.<\/p>\n","protected":false},"excerpt":{"rendered":"<p>El cantante L-Gante fue citado a declarar el pr\u00f3ximo 1 de febrero en dos causas diferentes: una por da\u00f1os y amenazas durante una caravana, mientras que la segunda por presuntas&hellip; <\/p>\n","protected":false},"author":2,"featured_media":18573,"comment_status":"closed","ping_status":"open","sticky":false,"template":"","format":"standard","meta":{"footnotes":""},"categories":[22],"tags":[],"class_list":["post-18572","post","type-post","status-publish","format-standard","has-post-thumbnail","hentry","category-sociedad"],"_links":{"self":[{"href":"https:\/\/eenergetica.com.ar\/index.php\/wp-json\/wp\/v2\/posts\/18572","targetHints":{"allow":["GET"]}}],"collection":[{"href":"https:\/\/eenergetica.com.ar\/index.php\/wp-json\/wp\/v2\/posts"}],"about":[{"href":"https:\/\/eenergetica.com.ar\/index.php\/wp-json\/wp\/v2\/types\/post"}],"author":[{"embeddable":true,"href":"https:\/\/eenergetica.com.ar\/index.php\/wp-json\/wp\/v2\/users\/2"}],"replies":[{"embeddable":true,"href":"https:\/\/eenergetica.com.ar\/index.php\/wp-json\/wp\/v2\/comments?post=18572"}],"version-history":[{"count":1,"href":"https:\/\/eenergetica.com.ar\/index.php\/wp-json\/wp\/v2\/posts\/18572\/revisions"}],"predecessor-version":[{"id":18574,"href":"https:\/\/eenergetica.com.ar\/index.php\/wp-json\/wp\/v2\/posts\/18572\/revisions\/18574"}],"wp:featuredmedia":[{"embeddable":true,"href":"https:\/\/eenergetica.com.ar\/index.php\/wp-json\/wp\/v2\/media\/18573"}],"wp:attachment":[{"href":"https:\/\/eenergetica.com.ar\/index.php\/wp-json\/wp\/v2\/media?parent=18572"}],"wp:term":[{"taxonomy":"category","embeddable":true,"href":"https:\/\/eenergetica.com.ar\/index.php\/wp-json\/wp\/v2\/categories?post=18572"},{"taxonomy":"post_tag","embeddable":true,"href":"https:\/\/eenergetica.com.ar\/index.php\/wp-json\/wp\/v2\/tags?post=18572"}],"curies":[{"name":"wp","href":"https:\/\/api.w.org\/{rel}","templated":true}]}}