{"id":18554,"date":"2022-12-23T10:55:52","date_gmt":"2022-12-23T13:55:52","guid":{"rendered":"http:\/\/eenergetica.com.ar\/?p=18554"},"modified":"2022-12-23T10:55:53","modified_gmt":"2022-12-23T13:55:53","slug":"alejandro-papu-gomez-sera-designado-ciudadano-ilustre-de-avellaneda","status":"publish","type":"post","link":"https:\/\/eenergetica.com.ar\/index.php\/2022\/12\/23\/alejandro-papu-gomez-sera-designado-ciudadano-ilustre-de-avellaneda\/","title":{"rendered":"ALEJANDRO \u201cPAPU\u201d G\u00d3MEZ SER\u00c1 DESIGNADO CIUDADANO ILUSTRE DE AVELLANEDA"},"content":{"rendered":"\n<p>El volante ofensivo del Sevilla ser\u00e1 destacado por su v\u00ednculo con la Capital Nacional del F\u00fatbol, ciudad en la que naci\u00f3 en 1988.<\/p>\n\n\n\n<p>El bloque de concejales del Frente de Todxs en el Honorable Concejo Deliberante de Avellaneda present\u00f3 el proyecto para declarar Ciudadano Ilustre de Avellaneda al volante Alejandro Dar\u00edo G\u00f3mez Villaverde.<br>\u201cPapu\u201d G\u00f3mez, nacido en Avellaneda el 15 de Febrero de 1988 y realiz\u00f3 sus estudios primarios en la Escuela N\u00ba1 de Avellaneda y el secundario en el Instituto del Club Atl\u00e9tico Independiente.<br>Desde muy peque\u00f1o comenz\u00f3 a jugar en el \u201cBabi\u201d F\u00fatbol en Racing Club y m\u00e1s tarde se inici\u00f3 en FADI en Club Deportivo del Sud, de Villa Dom\u00ednico. Debut\u00f3 como profesional en 2005 en Arsenal F\u00fatbol Club, club donde hizo las divisiones inferiores, integrando el plantel que logr\u00f3 el primer t\u00edtulo internacional de la instituci\u00f3n de Sarand\u00ed en el a\u00f1o 2007.<br>Desde el a\u00f1o 2010 brilla con su f\u00fatbol en Europa. Primero en el Catania, pasando por el Atalanta, para ser actualmente jugador del Sevilla.<br>Adem\u00e1s defiende los colores de la Selecci\u00f3n Nacional desde muy chico, siendo Campe\u00f3n del Mundo Sub \u2013 20 en Canad\u00e1 en 2007.<br>Integrante del plantel de la Copa Am\u00e9rica 2021 que obtuvo el t\u00edtulo contra Brasil en el Maracan\u00e1 y de la m\u00e1s gloriosa y reciente gesta, con la Selecci\u00f3n Nacional de Argentina en el Mundial de Qatar 2022.<br>Adem\u00e1s el proyecto destaca que Papu \u201cnunca se olvida de sus ra\u00edces y sigue participando de la vida social de su barrio, tanto es as\u00ed que colabor\u00f3 en la construcci\u00f3n de las nuevas piletas de su querido Arsenal de Sarand\u00ed. Que sin dudas es uno de los m\u00e1ximos referentes deportivos de nuestra ciudad y el abanderado de Avellaneda\u201d.<\/p>\n","protected":false},"excerpt":{"rendered":"<p>El volante ofensivo del Sevilla ser\u00e1 destacado por su v\u00ednculo con la Capital Nacional del F\u00fatbol, ciudad en la que naci\u00f3 en 1988. El bloque de concejales del Frente de&hellip; <\/p>\n","protected":false},"author":2,"featured_media":18555,"comment_status":"closed","ping_status":"open","sticky":false,"template":"","format":"standard","meta":{"footnotes":""},"categories":[22],"tags":[],"class_list":["post-18554","post","type-post","status-publish","format-standard","has-post-thumbnail","hentry","category-sociedad"],"_links":{"self":[{"href":"https:\/\/eenergetica.com.ar\/index.php\/wp-json\/wp\/v2\/posts\/18554","targetHints":{"allow":["GET"]}}],"collection":[{"href":"https:\/\/eenergetica.com.ar\/index.php\/wp-json\/wp\/v2\/posts"}],"about":[{"href":"https:\/\/eenergetica.com.ar\/index.php\/wp-json\/wp\/v2\/types\/post"}],"author":[{"embeddable":true,"href":"https:\/\/eenergetica.com.ar\/index.php\/wp-json\/wp\/v2\/users\/2"}],"replies":[{"embeddable":true,"href":"https:\/\/eenergetica.com.ar\/index.php\/wp-json\/wp\/v2\/comments?post=18554"}],"version-history":[{"count":1,"href":"https:\/\/eenergetica.com.ar\/index.php\/wp-json\/wp\/v2\/posts\/18554\/revisions"}],"predecessor-version":[{"id":18556,"href":"https:\/\/eenergetica.com.ar\/index.php\/wp-json\/wp\/v2\/posts\/18554\/revisions\/18556"}],"wp:featuredmedia":[{"embeddable":true,"href":"https:\/\/eenergetica.com.ar\/index.php\/wp-json\/wp\/v2\/media\/18555"}],"wp:attachment":[{"href":"https:\/\/eenergetica.com.ar\/index.php\/wp-json\/wp\/v2\/media?parent=18554"}],"wp:term":[{"taxonomy":"category","embeddable":true,"href":"https:\/\/eenergetica.com.ar\/index.php\/wp-json\/wp\/v2\/categories?post=18554"},{"taxonomy":"post_tag","embeddable":true,"href":"https:\/\/eenergetica.com.ar\/index.php\/wp-json\/wp\/v2\/tags?post=18554"}],"curies":[{"name":"wp","href":"https:\/\/api.w.org\/{rel}","templated":true}]}}