{"id":18529,"date":"2022-12-22T09:10:00","date_gmt":"2022-12-22T12:10:00","guid":{"rendered":"http:\/\/eenergetica.com.ar\/?p=18529"},"modified":"2022-12-21T21:13:59","modified_gmt":"2022-12-22T00:13:59","slug":"perotti-el-unico-politico-que-logro-un-saludo-e-imagen-con-messi-tras-la-obtencion-del-mundial","status":"publish","type":"post","link":"https:\/\/eenergetica.com.ar\/index.php\/2022\/12\/22\/perotti-el-unico-politico-que-logro-un-saludo-e-imagen-con-messi-tras-la-obtencion-del-mundial\/","title":{"rendered":"PEROTTI, EL \u00daNICO POL\u00cdTICO QUE LOGR\u00d3 UN SALUDO E IMAGEN CON MESSI TRAS LA OBTENCI\u00d3N DEL MUNDIAL"},"content":{"rendered":"\n<p><strong>El gobernador de Santa Fe, Omar Perotti, consigui\u00f3 ser el \u00fanico pol\u00edtico que logr\u00f3 estrecharle la mano al astro y capit\u00e1n de la Selecci\u00f3n argentina que gan\u00f3 el Mundial de Qatar, Lionel Messi, al recibirlo en el aeropuerto de Rosario, junto al mediocampista \u00c1ngel Di Mar\u00eda, luego de que ambos jugadores participaran de la caravana en Buenos Aires.<\/strong><\/p>\n\n\n\n<p>&nbsp; &nbsp;Messi y Di Mar\u00eda llegaron en un avi\u00f3n privado al Aeropuerto Internacional de Rosario para pasar unos d\u00edas de descanso junto a sus familias, acompa\u00f1ados por el cordob\u00e9s Paulo Dybala que aprovech\u00f3 el viaje.<\/p>\n\n\n\n<p>&nbsp;&nbsp; En Rosario, el gobernador Perotti recibi\u00f3 a los jugadores acompa\u00f1ado del presidente de la terminal a\u00e9rea, Eduardo Romagnoli, y as\u00ed pudo conseguir una foto que no logr\u00f3 el presidente Alberto Fern\u00e1ndez.<\/p>\n\n\n\n<p>&nbsp;&nbsp; En las im\u00e1genes que circularon se observa al gobernador peronista saludando a Messi y Di Mar\u00eda e intercambiando algunas palabras con ellos.<\/p>\n\n\n\n<p>&nbsp;&nbsp; El domingo, los festejos en Rosario por la conquista futbol\u00edstica desbordaron el Parque Nacional a la Bandera y la fiesta se extendi\u00f3 en otros epicentros como el barrio Pichincha y Avenida Pellegrini.<\/p>\n\n\n\n<p>&nbsp;&nbsp; En tanto, hubo cr\u00edticas al gobernador, ya que el diputado del PJ, Luis Rubeo, escribi\u00f3 en Twitter: &#8220;Que iron\u00eda, Perotti recibi\u00f3 a la selecci\u00f3n mientras no adher\u00eda a un feriado que permit\u00eda que los y las trabajadoras pudieran ir a recibir a nuestros campeones&#8221;.<\/p>\n","protected":false},"excerpt":{"rendered":"<p>El gobernador de Santa Fe, Omar Perotti, consigui\u00f3 ser el \u00fanico pol\u00edtico que logr\u00f3 estrecharle la mano al astro y capit\u00e1n de la Selecci\u00f3n argentina que gan\u00f3 el Mundial de&hellip; <\/p>\n","protected":false},"author":2,"featured_media":18530,"comment_status":"closed","ping_status":"open","sticky":false,"template":"","format":"standard","meta":{"footnotes":""},"categories":[24],"tags":[26],"class_list":["post-18529","post","type-post","status-publish","format-standard","has-post-thumbnail","hentry","category-provincia","tag-destacada"],"_links":{"self":[{"href":"https:\/\/eenergetica.com.ar\/index.php\/wp-json\/wp\/v2\/posts\/18529","targetHints":{"allow":["GET"]}}],"collection":[{"href":"https:\/\/eenergetica.com.ar\/index.php\/wp-json\/wp\/v2\/posts"}],"about":[{"href":"https:\/\/eenergetica.com.ar\/index.php\/wp-json\/wp\/v2\/types\/post"}],"author":[{"embeddable":true,"href":"https:\/\/eenergetica.com.ar\/index.php\/wp-json\/wp\/v2\/users\/2"}],"replies":[{"embeddable":true,"href":"https:\/\/eenergetica.com.ar\/index.php\/wp-json\/wp\/v2\/comments?post=18529"}],"version-history":[{"count":1,"href":"https:\/\/eenergetica.com.ar\/index.php\/wp-json\/wp\/v2\/posts\/18529\/revisions"}],"predecessor-version":[{"id":18531,"href":"https:\/\/eenergetica.com.ar\/index.php\/wp-json\/wp\/v2\/posts\/18529\/revisions\/18531"}],"wp:featuredmedia":[{"embeddable":true,"href":"https:\/\/eenergetica.com.ar\/index.php\/wp-json\/wp\/v2\/media\/18530"}],"wp:attachment":[{"href":"https:\/\/eenergetica.com.ar\/index.php\/wp-json\/wp\/v2\/media?parent=18529"}],"wp:term":[{"taxonomy":"category","embeddable":true,"href":"https:\/\/eenergetica.com.ar\/index.php\/wp-json\/wp\/v2\/categories?post=18529"},{"taxonomy":"post_tag","embeddable":true,"href":"https:\/\/eenergetica.com.ar\/index.php\/wp-json\/wp\/v2\/tags?post=18529"}],"curies":[{"name":"wp","href":"https:\/\/api.w.org\/{rel}","templated":true}]}}