{"id":17827,"date":"2022-11-24T10:21:30","date_gmt":"2022-11-24T13:21:30","guid":{"rendered":"http:\/\/eenergetica.com.ar\/?p=17827"},"modified":"2022-11-24T10:21:31","modified_gmt":"2022-11-24T13:21:31","slug":"fernan-quiros-confirmo-que-sera-candidato-a-jefe-de-gobierno-porteno-en-2023","status":"publish","type":"post","link":"https:\/\/eenergetica.com.ar\/index.php\/2022\/11\/24\/fernan-quiros-confirmo-que-sera-candidato-a-jefe-de-gobierno-porteno-en-2023\/","title":{"rendered":"FERN\u00c1N QUIR\u00d3S CONFIRM\u00d3 QUE SER\u00c1 CANDIDATO A JEFE DE GOBIERNO PORTE\u00d1O EN 2023"},"content":{"rendered":"\n<p><strong>El ministro de Salud porte\u00f1o, Fern\u00e1n Quir\u00f3s, confirm\u00f3 hoy que ser\u00e1 candidato a jefe de Gobierno de la Ciudad de Buenos Aires y de esta manera se suma a la amplia lista de nombres que competir\u00e1n en la interna opositora.<\/strong><\/p>\n\n\n\n<p>&nbsp; &nbsp;&#8220;He tomado la decisi\u00f3n de prepararme para poder competir&#8221;, dijo Quir\u00f3s en un acto con el actual mandatario distrital y a quien buscar\u00e1 suceder en su cargo, Horacio Rodr\u00edguez Larreta.<\/p>\n\n\n\n<p>&nbsp;&nbsp; &#8220;Todos los servidores p\u00fablicos tenemos que estar dispuestos a colaborar en el cuidado de la comunidad. Por esa raz\u00f3n, he tomado la decisi\u00f3n de prepararme para poder competir para la jefatura de gobierno del a\u00f1o que viene&#8221;, expres\u00f3 Quir\u00f3s, quien destac\u00f3 haber &#8220;estado profundamente reflexionando esta decisi\u00f3n&#8221;.<\/p>\n\n\n\n<p>&nbsp;&nbsp; Durante las \u00faltimas semanas, el lanzamiento se hab\u00eda convertido en un secreto a voces y termin\u00f3 por confirmarse hoy durante la conferencia de prensa organizada durante la inauguraci\u00f3n del nuevo edificio del CeSAC 23 (Centro de Salud y Acci\u00f3n Comunitaria) en el barrio de Villa Luro. En diversas oportunidades, Rodr\u00edguez Larreta ya lo hab\u00eda destacado como un posible sucesor.<\/p>\n\n\n\n<p>&nbsp;&nbsp; Tras haber anunciado su candidatura, el funcionario tambi\u00e9n dio lugar a un an\u00e1lisis sobre la situaci\u00f3n del pa\u00eds: &#8220;En la Argentina, en la Ciudad de Buenos Aires, estamos en un momento muy cr\u00edtico por las enormes dificultades que dej\u00f3 la pandemia, por la crisis de la econom\u00eda y la social, la gente est\u00e1 pasando en t\u00e9rminos de salud emocional y sensaci\u00f3n de bienestar, un mal momento&#8221;, se\u00f1al\u00f3.<\/p>\n\n\n\n<p>&nbsp;&nbsp; En la conferencia que brind\u00f3 en el barrio de Villa Luro, Quir\u00f3s le agradeci\u00f3 a su jefe pol\u00edtico y destac\u00f3 el trabajo que realiz\u00f3 durante sus dos mandatos al frente de la Ciudad.<\/p>\n\n\n\n<p>&nbsp;&nbsp; &#8220;Tengo un compromiso muy grande y una evaluaci\u00f3n muy positiva con la gesti\u00f3n de este gobierno, con Horacio a la cabeza&#8221;. Adem\u00e1s, especific\u00f3 que buscar\u00e1 &#8220;aportarle a la ciudadan\u00eda una alternativa con una visi\u00f3n profundamente humanista de la sociedad&#8221;.<\/p>\n\n\n\n<p>&nbsp;&nbsp; Destacado por el jefe de Gobierno porte\u00f1o por su labor durante la crisis sanitaria, Fern\u00e1n Quir\u00f3s ya hab\u00eda sonado como candidato en las Legislativas 2021, algo que finalmente no se concret\u00f3. De esa forma, el hoy ministro de Salud suma a Mart\u00edn Lousteau, diputado nacional de la Uni\u00f3n C\u00edvica Radical (UCR), y al ministro de Gobierno porte\u00f1o, Jorge Macri, como precandidato de Juntos por el Cambio para gobernar la Ciudad.<\/p>\n","protected":false},"excerpt":{"rendered":"<p>El ministro de Salud porte\u00f1o, Fern\u00e1n Quir\u00f3s, confirm\u00f3 hoy que ser\u00e1 candidato a jefe de Gobierno de la Ciudad de Buenos Aires y de esta manera se suma a la&hellip; <\/p>\n","protected":false},"author":2,"featured_media":17828,"comment_status":"closed","ping_status":"open","sticky":false,"template":"","format":"standard","meta":{"footnotes":""},"categories":[20],"tags":[],"class_list":["post-17827","post","type-post","status-publish","format-standard","has-post-thumbnail","hentry","category-politica"],"_links":{"self":[{"href":"https:\/\/eenergetica.com.ar\/index.php\/wp-json\/wp\/v2\/posts\/17827","targetHints":{"allow":["GET"]}}],"collection":[{"href":"https:\/\/eenergetica.com.ar\/index.php\/wp-json\/wp\/v2\/posts"}],"about":[{"href":"https:\/\/eenergetica.com.ar\/index.php\/wp-json\/wp\/v2\/types\/post"}],"author":[{"embeddable":true,"href":"https:\/\/eenergetica.com.ar\/index.php\/wp-json\/wp\/v2\/users\/2"}],"replies":[{"embeddable":true,"href":"https:\/\/eenergetica.com.ar\/index.php\/wp-json\/wp\/v2\/comments?post=17827"}],"version-history":[{"count":1,"href":"https:\/\/eenergetica.com.ar\/index.php\/wp-json\/wp\/v2\/posts\/17827\/revisions"}],"predecessor-version":[{"id":17829,"href":"https:\/\/eenergetica.com.ar\/index.php\/wp-json\/wp\/v2\/posts\/17827\/revisions\/17829"}],"wp:featuredmedia":[{"embeddable":true,"href":"https:\/\/eenergetica.com.ar\/index.php\/wp-json\/wp\/v2\/media\/17828"}],"wp:attachment":[{"href":"https:\/\/eenergetica.com.ar\/index.php\/wp-json\/wp\/v2\/media?parent=17827"}],"wp:term":[{"taxonomy":"category","embeddable":true,"href":"https:\/\/eenergetica.com.ar\/index.php\/wp-json\/wp\/v2\/categories?post=17827"},{"taxonomy":"post_tag","embeddable":true,"href":"https:\/\/eenergetica.com.ar\/index.php\/wp-json\/wp\/v2\/tags?post=17827"}],"curies":[{"name":"wp","href":"https:\/\/api.w.org\/{rel}","templated":true}]}}