{"id":17141,"date":"2022-10-30T12:51:10","date_gmt":"2022-10-30T15:51:10","guid":{"rendered":"http:\/\/eenergetica.com.ar\/?p=17141"},"modified":"2022-10-30T12:51:11","modified_gmt":"2022-10-30T15:51:11","slug":"berni-desde-que-me-aleje-del-kirchnerismo-deje-de-hablar-con-cristina-kirchner","status":"publish","type":"post","link":"https:\/\/eenergetica.com.ar\/index.php\/2022\/10\/30\/berni-desde-que-me-aleje-del-kirchnerismo-deje-de-hablar-con-cristina-kirchner\/","title":{"rendered":"BERNI: &#8220;DESDE QUE ME ALEJ\u00c9 DEL KIRCHNERISMO DEJ\u00c9 DE HABLAR CON CRISTINA KIRCHNER&#8221;"},"content":{"rendered":"\n<p><strong>El ministro de Seguridad de la provincia de Buenos Aires, Sergio Berni, revel\u00f3 que no habla con la vicepresidenta Cristina Kirchner desde que se alej\u00f3 del kirchnerismo y apunt\u00f3 contra la gesti\u00f3n del Frente de Todos (FdT) al se\u00f1alar que &#8220;este Gobierno est\u00e1 terminando con la clase media&#8221;.&nbsp;<\/strong><\/p>\n\n\n\n<p>&nbsp; &nbsp;&#8220;No hablo con Cristina hace mucho tiempo porque desde que me alej\u00e9 del kirchnerismo dej\u00e9 de hablar con ella. No estamos peleados, le tengo gran afecto y cari\u00f1o. Es una persona con la milit\u00e9 33 a\u00f1os&#8221;, cont\u00f3 el funcionario en declaraciones televisivas. .<\/p>\n\n\n\n<p>&nbsp;&nbsp; Para Berni, el FdT se &#8220;apart\u00f3 del proyecto de pa\u00eds&#8221; con el que lleg\u00f3 al Gobierno nacional y apunt\u00f3 contra el kirchnerismo: &#8220;No es el mismo kirchnerismo que conoc\u00ed en Santa Cruz con N\u00e9stor Kirchner en el a\u00f1o 89&#8221;.<\/p>\n\n\n\n<p>&nbsp;&nbsp; Adem\u00e1s, sostuvo que el movimiento fundado por N\u00e9stor Kirchner &#8220;se alej\u00f3 de sus bases&#8221;, raz\u00f3n por la que no mantiene un di\u00e1logo con la titular del Senado.&nbsp;.<\/p>\n\n\n\n<p>&nbsp;&nbsp; En la misma l\u00ednea, profundiz\u00f3 su cr\u00edtica con respecto a la coalici\u00f3n gobernante y afirm\u00f3 que&nbsp;no saben &#8220;administrar el poder que le confi\u00f3 la sociedad para poder revertir los cuatro a\u00f1os de macrismo&#8221;.<\/p>\n\n\n\n<p>&nbsp;&nbsp; &#8220;Tenemos una clase media que todos los d\u00edas est\u00e1 siendo castigada y este Gobierno est\u00e1 terminando con esa clase que es el motor de los argentinos&#8221;, argument\u00f3.&nbsp;.<\/p>\n\n\n\n<p>&nbsp;&nbsp; La clase media, para el ministro, se trata del sector m\u00e1s olvidado por las pol\u00edticas macroecon\u00f3micas y es el m\u00e1s golpeado en t\u00e9rminos impositivos: &#8220;El peronismo hoy solo est\u00e1 ayudando a los que menos tienen y se est\u00e1 olvidando de la clase media. Pasamos de la Argentina productiva a la Argentina asistencialista y dejamos a la clase en la mitad del camino&#8221;.&nbsp;.<\/p>\n\n\n\n<p>&nbsp;&nbsp; El dirigente, que encuentra resistencia dentro del kirchnerismo duro, reflexion\u00f3 sobre la construcci\u00f3n del Frente de Todos en las elecciones presidenciales de 2019 y catalog\u00f3 como &#8220;error&#8221; el armado: &#8220;El gobierno todav\u00eda no entendi\u00f3 para qu\u00e9 la ganamos ni por qu\u00e9 camino ir&#8221;.<\/p>\n","protected":false},"excerpt":{"rendered":"<p>El ministro de Seguridad de la provincia de Buenos Aires, Sergio Berni, revel\u00f3 que no habla con la vicepresidenta Cristina Kirchner desde que se alej\u00f3 del kirchnerismo y apunt\u00f3 contra&hellip; <\/p>\n","protected":false},"author":2,"featured_media":17142,"comment_status":"closed","ping_status":"open","sticky":false,"template":"","format":"standard","meta":{"footnotes":""},"categories":[22],"tags":[],"class_list":["post-17141","post","type-post","status-publish","format-standard","has-post-thumbnail","hentry","category-sociedad"],"_links":{"self":[{"href":"https:\/\/eenergetica.com.ar\/index.php\/wp-json\/wp\/v2\/posts\/17141","targetHints":{"allow":["GET"]}}],"collection":[{"href":"https:\/\/eenergetica.com.ar\/index.php\/wp-json\/wp\/v2\/posts"}],"about":[{"href":"https:\/\/eenergetica.com.ar\/index.php\/wp-json\/wp\/v2\/types\/post"}],"author":[{"embeddable":true,"href":"https:\/\/eenergetica.com.ar\/index.php\/wp-json\/wp\/v2\/users\/2"}],"replies":[{"embeddable":true,"href":"https:\/\/eenergetica.com.ar\/index.php\/wp-json\/wp\/v2\/comments?post=17141"}],"version-history":[{"count":1,"href":"https:\/\/eenergetica.com.ar\/index.php\/wp-json\/wp\/v2\/posts\/17141\/revisions"}],"predecessor-version":[{"id":17143,"href":"https:\/\/eenergetica.com.ar\/index.php\/wp-json\/wp\/v2\/posts\/17141\/revisions\/17143"}],"wp:featuredmedia":[{"embeddable":true,"href":"https:\/\/eenergetica.com.ar\/index.php\/wp-json\/wp\/v2\/media\/17142"}],"wp:attachment":[{"href":"https:\/\/eenergetica.com.ar\/index.php\/wp-json\/wp\/v2\/media?parent=17141"}],"wp:term":[{"taxonomy":"category","embeddable":true,"href":"https:\/\/eenergetica.com.ar\/index.php\/wp-json\/wp\/v2\/categories?post=17141"},{"taxonomy":"post_tag","embeddable":true,"href":"https:\/\/eenergetica.com.ar\/index.php\/wp-json\/wp\/v2\/tags?post=17141"}],"curies":[{"name":"wp","href":"https:\/\/api.w.org\/{rel}","templated":true}]}}