{"id":16480,"date":"2022-10-09T04:04:00","date_gmt":"2022-10-09T07:04:00","guid":{"rendered":"http:\/\/eenergetica.com.ar\/?p=16480"},"modified":"2022-10-06T16:06:54","modified_gmt":"2022-10-06T19:06:54","slug":"pesce-estimo-que-el-ano-que-viene-habra-un-proceso-de-desaceleracion-inflacionario","status":"publish","type":"post","link":"https:\/\/eenergetica.com.ar\/index.php\/2022\/10\/09\/pesce-estimo-que-el-ano-que-viene-habra-un-proceso-de-desaceleracion-inflacionario\/","title":{"rendered":"PESCE ESTIM\u00d3 QUE EL A\u00d1O QUE VIENE HABR\u00c1 &#8220;UN PROCESO DE DESACELERACI\u00d3N INFLACIONARIO&#8221;"},"content":{"rendered":"\n<p><strong>El presidente del Banco Central, Miguel \u00c1ngel Pesce, estim\u00f3&nbsp; que el a\u00f1o que viene se producir\u00e1 &#8220;un proceso de desaceleraci\u00f3n econ\u00f3mica&#8221;, tal como estipula el proyecto de Presupuesto 2023 que calcula una inflaci\u00f3n en torno al 60%.<\/strong><\/p>\n\n\n\n<p>&nbsp; &nbsp;&#8220;No hay previstas modificaciones bruscas del tipo de cambio que es otro elemento que potencia la inflaci\u00f3n en el pa\u00eds. Va a haber un proceso de desaceleraci\u00f3n inflacionario que esta reflejado en el Presupuesto con esa estimaci\u00f3n del 60% de inflaci\u00f3n y una devaluaci\u00f3n acorde con esos niveles de inflaci\u00f3n&#8221;, afirm\u00f3 el funcionario durante su visita a la comisi\u00f3n de Presupuesto y Hacienda de la C\u00e1mara de Diputados, a pedido de Juntos por el Cambio.<\/p>\n\n\n\n<p>&nbsp;&nbsp; En tanto, asegur\u00f3 que el organismo continuar\u00e1 en 2023 con la tendencia a reducir el financiamiento por emisi\u00f3n monetaria que alcanz\u00f3 su nivel m\u00e1ximo en 2020 durante la cuarentena estricta, cuando no qued\u00f3 otro remedio ante la paralizaci\u00f3n de la actividad econ\u00f3mica.&nbsp;&nbsp;.<\/p>\n\n\n\n<p>&nbsp;&nbsp; &#8220;El modo de afrontar la pandemia era solo uno: a trav\u00e9s del financiamiento monetario por eso alcanz\u00f3 un r\u00e9cord en el 2020, pero superada la situaci\u00f3n de pandemia al superar la situaci\u00f3n de pandemia volvimos a plantear la posibilidad de que el Estado se financiara a trav\u00e9s del mercado de capitales y menos a trav\u00e9s de la emisi\u00f3n monetaria&#8221;, explic\u00f3 Pesce.<\/p>\n\n\n\n<p>&nbsp;&nbsp; En ese sentido, se\u00f1al\u00f3 que el financiamiento monetario &#8220;se redujo&#8221; en el 2021 y anticip\u00f3&nbsp; que se reducir\u00e1 en el 2022 y m\u00e1s a\u00fan en 2023.<\/p>\n\n\n\n<p>&nbsp;&nbsp; &#8220;El a\u00f1o que viene vamos a tener el \u00edndice m\u00e1s bajo de monetizaci\u00f3n fiscal desde el a\u00f1o 2015&#8221;, avizor\u00f3 Pesce.<\/p>\n\n\n\n<p>&nbsp;&nbsp; Sobre la lucha antiinflacionaria, el titular del BCRA indic\u00f3 que hay tres mecanismos: &#8220;uno es generar procesos recesivos y otro es la apertura econ\u00f3mica y otra, m\u00e1s complejo de abordar, es el crecimiento econ\u00f3mico en un pa\u00eds que tiene 36% de pobreza y niveles de desocupaci\u00f3n de 6,9%&#8221;.<\/p>\n\n\n\n<p>&nbsp;&nbsp; &#8220;El camino de contraer la demanda a trav\u00e9s de procesos recesivos tiene consecuencias sobre el tejido social que en nuestro pa\u00eds es muy delicado y el camino de la apertura econ\u00f3mica es imposible de recorrer para la Argentina porque no cuenta con financiamiento externo&#8221;, resalt\u00f3.<\/p>\n\n\n\n<p>&nbsp;&nbsp; En esa l\u00ednea, subray\u00f3 que la \u00fanica alternativa posible que le queda al pa\u00eds &#8220;es el sendero del crecimiento y en el corto plazo ir revisando aquellos impulsores de la oferta y de la demanda y, tambi\u00e9n, buscar acuerdos de precios con aquellas empresas que son proveedores de bienes salarios de consumo masivo&#8221;.<\/p>\n\n\n\n<p>&nbsp;&nbsp; &#8220;Este es el camino para resolver el problema inflacionario en la Argentina, es dif\u00edcil de llevar adelante, pero los otros dos caminos cl\u00e1sicos utilizados no podemos recorrerlos incluso cuando quisi\u00e9ramos por las dificultades sociales que traer\u00eda y que tenemos que tener presente&#8221;, advirti\u00f3.<\/p>\n\n\n\n<p>&nbsp;&nbsp; Al respecto, dijo que &#8220;el problema econ\u00f3mico mas grande que tiene el pa\u00eds es la pobreza y la desigualdad y no podemos tomar pol\u00edticas econ\u00f3micas que afecten a\u00fan m\u00e1s esa situaci\u00f3n&#8221;.<\/p>\n\n\n\n<p>&nbsp;&nbsp; Sobre la balanza de pagos, Pesce expres\u00f3: &#8220;Argentina est\u00e1 exportando ahora 70 mil millones de d\u00f3lares el a\u00f1o pasado y este a\u00f1o seguro llegaron a los 90 mil y el pr\u00f3ximo a\u00f1o lo superaremos&#8221;.<\/p>\n\n\n\n<p>&nbsp;&nbsp; A la vez reconoci\u00f3 que este a\u00f1o ese saldo exportador importante se vio opacado parcialmente por la sangr\u00eda de d\u00f3lares que significa la importaci\u00f3n de energ\u00eda.&nbsp;.<\/p>\n\n\n\n<p>&nbsp;&nbsp; &#8220;Este a\u00f1o se nos present\u00f3 una situaci\u00f3n compleja porque no se hab\u00eda desarrollado la infraestructura para la provisi\u00f3n de energ\u00eda a trav\u00e9s de gas e hidrocarburo en Vaca Muerta y tuvimos que importar con la guerra de Ucrania mediante que dispar\u00f3 los precios generando importaciones adicionales&#8221;, admiti\u00f3.<\/p>\n\n\n\n<p>&nbsp;&nbsp; Sin embargo, se mostr\u00f3 optimista de cara al 2023, para cuando &#8211; seg\u00fan estim\u00f3- &#8220;la primera etapa de desarrollo de gasoductos y oleoductos va a estar terminada&#8221;.<\/p>\n","protected":false},"excerpt":{"rendered":"<p>El presidente del Banco Central, Miguel \u00c1ngel Pesce, estim\u00f3&nbsp; que el a\u00f1o que viene se producir\u00e1 &#8220;un proceso de desaceleraci\u00f3n econ\u00f3mica&#8221;, tal como estipula el proyecto de Presupuesto 2023 que&hellip; <\/p>\n","protected":false},"author":2,"featured_media":16481,"comment_status":"closed","ping_status":"open","sticky":false,"template":"","format":"standard","meta":{"footnotes":""},"categories":[21],"tags":[26],"class_list":["post-16480","post","type-post","status-publish","format-standard","has-post-thumbnail","hentry","category-economia","tag-destacada"],"_links":{"self":[{"href":"https:\/\/eenergetica.com.ar\/index.php\/wp-json\/wp\/v2\/posts\/16480","targetHints":{"allow":["GET"]}}],"collection":[{"href":"https:\/\/eenergetica.com.ar\/index.php\/wp-json\/wp\/v2\/posts"}],"about":[{"href":"https:\/\/eenergetica.com.ar\/index.php\/wp-json\/wp\/v2\/types\/post"}],"author":[{"embeddable":true,"href":"https:\/\/eenergetica.com.ar\/index.php\/wp-json\/wp\/v2\/users\/2"}],"replies":[{"embeddable":true,"href":"https:\/\/eenergetica.com.ar\/index.php\/wp-json\/wp\/v2\/comments?post=16480"}],"version-history":[{"count":1,"href":"https:\/\/eenergetica.com.ar\/index.php\/wp-json\/wp\/v2\/posts\/16480\/revisions"}],"predecessor-version":[{"id":16482,"href":"https:\/\/eenergetica.com.ar\/index.php\/wp-json\/wp\/v2\/posts\/16480\/revisions\/16482"}],"wp:featuredmedia":[{"embeddable":true,"href":"https:\/\/eenergetica.com.ar\/index.php\/wp-json\/wp\/v2\/media\/16481"}],"wp:attachment":[{"href":"https:\/\/eenergetica.com.ar\/index.php\/wp-json\/wp\/v2\/media?parent=16480"}],"wp:term":[{"taxonomy":"category","embeddable":true,"href":"https:\/\/eenergetica.com.ar\/index.php\/wp-json\/wp\/v2\/categories?post=16480"},{"taxonomy":"post_tag","embeddable":true,"href":"https:\/\/eenergetica.com.ar\/index.php\/wp-json\/wp\/v2\/tags?post=16480"}],"curies":[{"name":"wp","href":"https:\/\/api.w.org\/{rel}","templated":true}]}}