{"id":16366,"date":"2022-10-05T12:18:32","date_gmt":"2022-10-05T15:18:32","guid":{"rendered":"http:\/\/eenergetica.com.ar\/?p=16366"},"modified":"2022-10-05T12:18:32","modified_gmt":"2022-10-05T15:18:32","slug":"storani-respaldo-a-manes-por-sus-criticas-a-macri-hizo-un-analisis-y-un-balance-que-yo-comparto","status":"publish","type":"post","link":"https:\/\/eenergetica.com.ar\/index.php\/2022\/10\/05\/storani-respaldo-a-manes-por-sus-criticas-a-macri-hizo-un-analisis-y-un-balance-que-yo-comparto\/","title":{"rendered":"STORANI RESPALD\u00d3 A MANES POR SUS CR\u00cdTICAS A MACRI: &#8220;HIZO UN AN\u00c1LISIS Y UN BALANCE QUE YO COMPARTO&#8221;"},"content":{"rendered":"\n<p><strong>El hist\u00f3rico dirigente radical y ex diputado Federico Storani sali\u00f3 a respaldar a su compa\u00f1ero de la UCR Facundo Manes, quien hab\u00eda acusada a Mauricio Macri de ejercer un &#8220;populismo institucional&#8221; y haber tenido &#8220;operadores que manejaban la Justicia&#8221;.<\/strong><\/p>\n\n\n\n<p>&nbsp; &nbsp;&#8220;Hizo un an\u00e1lisis y un balance que yo comparto&#8221;, afirm\u00f3 en di\u00e1logo con Ari Paluch para el programa &#8220;El Exprimidor&#8221; (AM 550), a la vez que agreg\u00f3: &#8220;Hay muchas cosas que mejorar respecto de lo que fue el Gobierno de Cambiemos que en realidad fue un Gobierno del PRO&#8221;.<\/p>\n\n\n\n<p>&nbsp;&nbsp; Adem\u00e1s dijo que &#8220;estuvo clar\u00edsimo que en lo judicial existieron los \u00b4operadores\u00b4, y la prueba m\u00e1s palpable es que uno de ellos, (Pep\u00edn) Rodr\u00edguez Sim\u00f3n, est\u00e1 pr\u00f3fugo&#8221;, en relaci\u00f3n al ex legislador del Parlasur.<\/p>\n\n\n\n<p>&nbsp;&nbsp; En sus cr\u00edticas a Macri, Manes puntualiz\u00f3 sobre los casos de espionaje ilegal a los familiares de la tripulaci\u00f3n del submarino ARA &#8220;San Juan&#8221; de la Armada y las tareas de vigilancia que la Agencia Federal de Inteligencia (AFI) que se hicieron tanto sobre dirigentes opositores como aliados de Cambiemos durante el Gobierno de Macri. Ambos, de todas formas, fueron desestimados por la Justicia.<\/p>\n\n\n\n<p>&nbsp;&nbsp; La pol\u00e9mica que abri\u00f3 una nueva grieta en la oposici\u00f3n, despert\u00f3 el rechazo de casi todo el PRO, socio pol\u00edtico de la UCR desde 2014 junto a la Coalici\u00f3n C\u00edvica.<\/p>\n\n\n\n<p>&nbsp;&nbsp; Manes, adem\u00e1s, compar\u00f3 la figura de Macri con la de Cristina Kirchner. En ese sentido, Storani afirm\u00f3: &#8220;No creo que haya querido poner a la par a Macri y a Cristina, pero las polarizaciones extremas excluyen a una extrema mayor\u00eda de los argentinos&#8221;.<\/p>\n\n\n\n<p>&nbsp;&nbsp; Tambi\u00e9n, record\u00f3 las cr\u00edticas que el ex mandatario durante el per\u00edodo 2015-2019 sobre el hist\u00f3rico dirigente radical Hip\u00f3lito Yrigoyen.<\/p>\n\n\n\n<p>&nbsp;&nbsp; &#8220;Mir\u00e1 si nosotros hubi\u00e9ramos reaccionado de la misma manera cuando Macri dijo en un \u00e1mbito internacional que Yrigoyen era populista&#8221;, cuestion\u00f3 Storani.<\/p>\n\n\n\n<p>&nbsp;&nbsp; En paralelo, destac\u00f3 que &#8220;Manes tiene una enorme repercusi\u00f3n a nivel nacional&#8221; y que &#8220;hay que darle un poco m\u00e1s de cr\u00e9dito&#8221;, a la vez que respald\u00f3 al gobernador juje\u00f1o Gerardo Morales, tambi\u00e9n referente de la UCR.<\/p>\n\n\n\n<p>&nbsp;&nbsp; &#8220;Tenemos dos muy buenos precandidatos entre Manes y Gerardo Morales, que est\u00e1 haciendo una muy buena gesti\u00f3n en Jujuy. Los dos tienen el leg\u00edtimo derecho de aspirar&#8221;, expres\u00f3.<\/p>\n\n\n\n<p>&nbsp;&nbsp; A modo de cierre, pese al duro contexto de interna, el ex legislador pidi\u00f3 por la uni\u00f3n de la oposici\u00f3n.<\/p>\n\n\n\n<p>&nbsp;&nbsp; &#8220;A Juntos por el Cambio nos une la expectativa de poder tener un nuevo gobierno para ir alternando este actual y que no se convierta en hegem\u00f3nico y dominante&#8221;, dijo y concluy\u00f3: &#8220;Todos los espacios que integramos la coalici\u00f3n nos necesitamos&#8221;.<\/p>\n","protected":false},"excerpt":{"rendered":"<p>El hist\u00f3rico dirigente radical y ex diputado Federico Storani sali\u00f3 a respaldar a su compa\u00f1ero de la UCR Facundo Manes, quien hab\u00eda acusada a Mauricio Macri de ejercer un &#8220;populismo&hellip; <\/p>\n","protected":false},"author":2,"featured_media":16367,"comment_status":"closed","ping_status":"open","sticky":false,"template":"","format":"standard","meta":{"footnotes":""},"categories":[20],"tags":[],"class_list":["post-16366","post","type-post","status-publish","format-standard","has-post-thumbnail","hentry","category-politica"],"_links":{"self":[{"href":"https:\/\/eenergetica.com.ar\/index.php\/wp-json\/wp\/v2\/posts\/16366","targetHints":{"allow":["GET"]}}],"collection":[{"href":"https:\/\/eenergetica.com.ar\/index.php\/wp-json\/wp\/v2\/posts"}],"about":[{"href":"https:\/\/eenergetica.com.ar\/index.php\/wp-json\/wp\/v2\/types\/post"}],"author":[{"embeddable":true,"href":"https:\/\/eenergetica.com.ar\/index.php\/wp-json\/wp\/v2\/users\/2"}],"replies":[{"embeddable":true,"href":"https:\/\/eenergetica.com.ar\/index.php\/wp-json\/wp\/v2\/comments?post=16366"}],"version-history":[{"count":1,"href":"https:\/\/eenergetica.com.ar\/index.php\/wp-json\/wp\/v2\/posts\/16366\/revisions"}],"predecessor-version":[{"id":16368,"href":"https:\/\/eenergetica.com.ar\/index.php\/wp-json\/wp\/v2\/posts\/16366\/revisions\/16368"}],"wp:featuredmedia":[{"embeddable":true,"href":"https:\/\/eenergetica.com.ar\/index.php\/wp-json\/wp\/v2\/media\/16367"}],"wp:attachment":[{"href":"https:\/\/eenergetica.com.ar\/index.php\/wp-json\/wp\/v2\/media?parent=16366"}],"wp:term":[{"taxonomy":"category","embeddable":true,"href":"https:\/\/eenergetica.com.ar\/index.php\/wp-json\/wp\/v2\/categories?post=16366"},{"taxonomy":"post_tag","embeddable":true,"href":"https:\/\/eenergetica.com.ar\/index.php\/wp-json\/wp\/v2\/tags?post=16366"}],"curies":[{"name":"wp","href":"https:\/\/api.w.org\/{rel}","templated":true}]}}