{"id":16249,"date":"2022-09-30T09:24:00","date_gmt":"2022-09-30T12:24:00","guid":{"rendered":"http:\/\/eenergetica.com.ar\/?p=16249"},"modified":"2022-09-29T21:28:34","modified_gmt":"2022-09-30T00:28:34","slug":"se-levanto-el-acampe-en-la-9-de-julio-y-se-mudo-al-ministerio-de-trabajo","status":"publish","type":"post","link":"https:\/\/eenergetica.com.ar\/index.php\/2022\/09\/30\/se-levanto-el-acampe-en-la-9-de-julio-y-se-mudo-al-ministerio-de-trabajo\/","title":{"rendered":"SE LEVANT\u00d3 EL ACAMPE EN LA 9 DE JULIO Y SE MUD\u00d3 AL MINISTERIO DE TRABAJO"},"content":{"rendered":"\n<p><strong>El acampe de movimientos sociales alineados con la Izquierda, que permanec\u00eda en la Avenida 9 de Julio&nbsp;frente al Ministerio de Desarrollo Social, fue levantando y se mud\u00f3 a la sede de la cartera de Trabajo, donde el sindicato del neum\u00e1tico del SUTNA llevaba adelante una reuni\u00f3n paritaria clave para destrabar el conflicto que afecta a toda la cadena de la industria automotriz.<\/strong><\/p>\n\n\n\n<p>&nbsp; &nbsp;Tras mantenerse dos d\u00edas en la principal arteria de la Ciudad &#8211; que comenz\u00f3 a recuperar la normal circulaci\u00f3n del tr\u00e1nsito-, los manifestantes encabezados por el referente del Polo Obrero, Eduardo Belliboni, fueron a dar su apoyo al gremio que lidera el dirigente del sindicalismo &#8220;clasista&#8221;, Alejandro Crespo, quien milita en el Partido Obrero.<\/p>\n\n\n\n<p>&nbsp;&nbsp; Adem\u00e1s de respaldar al SUTNA sobre la Avenida Leandro N. Alem, en el &#8220;bajo porte\u00f1o&#8221;,&nbsp; tambi\u00e9n votaron &#8220;la continuidad del plan de lucha&#8221; con los siguientes cortes de ruta a partir de la semana que viene:&nbsp;Puente Pueyrred\u00f3n; Puente La Noria; Puente La Boca; Puente Nicol\u00e1s Avellaneda; Puente Saavedra; Autopista La Plata; Autopista Panamericana; Autopista del Oeste; Autopista Riccheri; General Paz y Rivadavia; Ruta 2 entrada a Mar del Plata.<\/p>\n\n\n\n<p>&nbsp;&nbsp; Tambi\u00e9n en Ruta 3 en San Nicol\u00e1s, Bah\u00eda Blanca, Caleta Olivia y Comodoro Rivadavia; Ruta 40 en Neuqu\u00e9n; Ruta 22 en R\u00edo Negro; Ruta 9 en C\u00f3rdoba; Ruta 14 en Entre R\u00edos, Corrientes y Misiones; Ruta 11 en Santa Fe, Chaco y Formosa;&nbsp;Ruta 12 en Misiones; Ruta 16 en Chaco; Ruta 40 en Jujuy y Salta;&nbsp;Ruta 7 en Mendoza; Acceso a Ushuaia; Puente Chaco-Corrientes y Puente Cipolleti-Neuqu\u00e9n.<\/p>\n\n\n\n<p>&nbsp;&nbsp; M\u00e1s temprano, hubo tensi\u00f3n e incidentes en la Autopista 25 de Mayo, a la altura del barrio porte\u00f1o de Constituci\u00f3n, en el marco de una jornada de caos en el tr\u00e1nsito por protestas.&nbsp;.<\/p>\n\n\n\n<p>&nbsp;&nbsp; Una importante columna de manifestantes subi\u00f3 a la traza de la autov\u00eda y bloque\u00f3 el tr\u00e1nsito, lo que oblig\u00f3 a que se despliegue un cord\u00f3n de efectivos de la Infanter\u00eda de la Polic\u00eda de la Ciudad.<\/p>\n\n\n\n<p>&nbsp;&nbsp; Un importante n\u00famero de uniformados decidi\u00f3 avanzar para hacer retroceder a los manifestantes, momentos en que se produjeron algunos incidentes: la Polic\u00eda de la Ciudad arroj\u00f3 gas pimienta y con el apoyo de un carro hidrante logr\u00f3 liberar la traza de la Autopista 25 de Mayo.<\/p>\n\n\n\n<p>&nbsp;&nbsp; &#8220;Quisieron poner en riesgo la vida de los manifestantes y tambi\u00e9n de los automovilistas para darle m\u00e1s visibilidad al reclamo&#8221;, se quej\u00f3 el ministro de Justicia y Seguridad porte\u00f1o, Marcelo D\u00b4Alessandro, quien se quej\u00f3 de que el acampe de los movimientos sociales &#8220;es una consecuencia de la inacci\u00f3n del Gobierno nacional&#8221;.&nbsp;.<\/p>\n\n\n\n<p>&nbsp;&nbsp; &#8220;Ac\u00e1 no hay anarqu\u00eda, como s\u00ed lo tiene en el resto del pa\u00eds el Gobierno nacional&#8221;, subray\u00f3 el dirigente del PRO.<\/p>\n\n\n\n<p>&nbsp;&nbsp; Por su parte, el ministro de Gobierno porte\u00f1o, Jorge Macri,remarc\u00f3 en su cuenta de Twitter: &#8220;La pobreza se siente en el bolsillo y los acampes son prueba de eso. Mientras el Gobierno Nacional elige seguir desatendiendo los reclamos masivos y fomentando la anarqu\u00eda, nosotros trabajamos para garantizar la seguridad y el derecho a circular en la Ciudad&#8221;.<\/p>\n","protected":false},"excerpt":{"rendered":"<p>El acampe de movimientos sociales alineados con la Izquierda, que permanec\u00eda en la Avenida 9 de Julio&nbsp;frente al Ministerio de Desarrollo Social, fue levantando y se mud\u00f3 a la sede&hellip; <\/p>\n","protected":false},"author":2,"featured_media":16250,"comment_status":"closed","ping_status":"open","sticky":false,"template":"","format":"standard","meta":{"footnotes":""},"categories":[20],"tags":[26],"class_list":["post-16249","post","type-post","status-publish","format-standard","has-post-thumbnail","hentry","category-politica","tag-destacada"],"_links":{"self":[{"href":"https:\/\/eenergetica.com.ar\/index.php\/wp-json\/wp\/v2\/posts\/16249","targetHints":{"allow":["GET"]}}],"collection":[{"href":"https:\/\/eenergetica.com.ar\/index.php\/wp-json\/wp\/v2\/posts"}],"about":[{"href":"https:\/\/eenergetica.com.ar\/index.php\/wp-json\/wp\/v2\/types\/post"}],"author":[{"embeddable":true,"href":"https:\/\/eenergetica.com.ar\/index.php\/wp-json\/wp\/v2\/users\/2"}],"replies":[{"embeddable":true,"href":"https:\/\/eenergetica.com.ar\/index.php\/wp-json\/wp\/v2\/comments?post=16249"}],"version-history":[{"count":1,"href":"https:\/\/eenergetica.com.ar\/index.php\/wp-json\/wp\/v2\/posts\/16249\/revisions"}],"predecessor-version":[{"id":16251,"href":"https:\/\/eenergetica.com.ar\/index.php\/wp-json\/wp\/v2\/posts\/16249\/revisions\/16251"}],"wp:featuredmedia":[{"embeddable":true,"href":"https:\/\/eenergetica.com.ar\/index.php\/wp-json\/wp\/v2\/media\/16250"}],"wp:attachment":[{"href":"https:\/\/eenergetica.com.ar\/index.php\/wp-json\/wp\/v2\/media?parent=16249"}],"wp:term":[{"taxonomy":"category","embeddable":true,"href":"https:\/\/eenergetica.com.ar\/index.php\/wp-json\/wp\/v2\/categories?post=16249"},{"taxonomy":"post_tag","embeddable":true,"href":"https:\/\/eenergetica.com.ar\/index.php\/wp-json\/wp\/v2\/tags?post=16249"}],"curies":[{"name":"wp","href":"https:\/\/api.w.org\/{rel}","templated":true}]}}