{"id":16222,"date":"2022-09-29T08:33:51","date_gmt":"2022-09-29T11:33:51","guid":{"rendered":"http:\/\/eenergetica.com.ar\/?p=16222"},"modified":"2022-09-29T08:33:52","modified_gmt":"2022-09-29T11:33:52","slug":"en-medio-de-la-tension-en-la-que-esta-sumergida-la-cgt-alberto-fernandez-ceno-en-olivos-con-pablo-moyano","status":"publish","type":"post","link":"https:\/\/eenergetica.com.ar\/index.php\/2022\/09\/29\/en-medio-de-la-tension-en-la-que-esta-sumergida-la-cgt-alberto-fernandez-ceno-en-olivos-con-pablo-moyano\/","title":{"rendered":"EN MEDIO DE LA TENSI\u00d3N EN LA QUE EST\u00c1 SUMERGIDA LA CGT, ALBERTO FERN\u00c1NDEZ CEN\u00d3 EN OLIVOS CON PABLO MOYANO"},"content":{"rendered":"\n<p><strong>En medio de la tensi\u00f3n en la que est\u00e1 sumergida la CGT, el presidente Alberto Fern\u00e1ndez cen\u00f3 hoy en la Residencia de Olivos con el triunviro de la central obrera y secretario general de Camioneros, Pablo Moyano.<\/strong><\/p>\n\n\n\n<p>&nbsp; &nbsp;Seg\u00fan supo Noticias Argentinas, el sindicalista ingres\u00f3 a la Quinta Presidencial minutos despu\u00e9s de las 20 junto al titular del sindicato de Canillitas, Omar Plaini, el secretario adjunto de SMATA, Mario &#8220;Paco&#8221; Manrique, y el titular de la Asociaci\u00f3n Argentina de Aeronavegantes, Juan Pablo Brey.<\/p>\n\n\n\n<p>&nbsp;&nbsp; Fuentes de ambos espacios precisaron que la invitaci\u00f3n fue realizada por el jefe de Estado durante una conversaci\u00f3n telef\u00f3nica que mantuvo este martes con el dirigente sindical.<\/p>\n\n\n\n<p>&nbsp;&nbsp; El llamado del Presidente se produjo luego de que Moyano amenaz\u00f3 con abandonar la c\u00fapula sindical tras haber quedado excluido de la cena que Fern\u00e1ndez comparti\u00f3 el pasado lunes en la Quinta Presidencial junto a parte de los dirigentes de la &#8220;mesa chica&#8221; de la CGT.<\/p>\n\n\n\n<p>&nbsp;&nbsp; Alberto Fern\u00e1ndez le aclar\u00f3 al referente de Camioneros que no hubo intenci\u00f3n de excluirlo del asado que comparti\u00f3 en la noche de este lunes con los otros jefes de la central obrera y lo invit\u00f3 a cenar.<\/p>\n\n\n\n<p>&nbsp;&nbsp; En la cena entre el jefe de Estado y los sindicalistas se debatieron los pasos a seguir ante la situaci\u00f3n pol\u00edtica y econ\u00f3mica actual, adem\u00e1s del curso de las paritarias y la posibilidad de un bono de fin de a\u00f1o.<\/p>\n\n\n\n<p>&nbsp;&nbsp; Por la central obrera asisti\u00f3 una delegaci\u00f3n integrada por los miembros del triunvirato H\u00e9ctor Daer (Sanidad) y Carlos Acu\u00f1a (Estaciones de servicios), representantes de grandes gremios como Andr\u00e9s Rodr\u00edguez (UPCN) y Gerardo Mart\u00ednez (UOCRA), adem\u00e1s de Jos\u00e9 Luis Lingeri (Obras Sanitarias). .<\/p>\n\n\n\n<p>&nbsp;&nbsp; Desde la reuni\u00f3n de este lunes, a la que desde el entorno de Moyano aseguran que no fue invitado, las tensiones existentes en la c\u00fapula de la central obrera se agudizaron a punto tal que trascendi\u00f3 la posibilidad de que el l\u00edder de Camioneros pod\u00eda abandonar la conducci\u00f3n de la CGT.<\/p>\n\n\n\n<p>&nbsp;&nbsp; Si bien desde el entorno de Pablo Moyano niegan la posibilidad de que renuncie a su cargo en el triunvirato, las diferencias entre los gremialistas quedan cada vez m\u00e1s expuestas.<\/p>\n\n\n\n<p>&nbsp;&nbsp; Fuentes cercanas al referente Camionero hab\u00edan anticipado a Noticias Argentinas que durante el encuentro con el jefe de Estado el sindicalista plantear\u00eda algunos puntos que considera centrales, tales como la necesidad de un aumento por suma fija de aumento a los salarios privados, un punto que mantiene divididos a los m\u00e1ximos representantes de la CGT.<\/p>\n\n\n\n<p>&nbsp;&nbsp; &#8220;Sabemos que es un punto en el que hay diferencias, pero es sumamente necesario. Si se implementara, no tiene nada que ver con las paritarias que seguir\u00e1n siendo libres&#8221;, expresaron.<\/p>\n\n\n\n<p>&nbsp;&nbsp; Por \u00faltimo, aclararon que la relaci\u00f3n entre Pablo Moyano y Alberto Fern\u00e1ndez es &#8220;buena&#8221; y se maneja en t\u00e9rminos de cordialidad, adem\u00e1s de recordar que &#8220;cada vez que Pablo se tuvo que reunir con el Presidente para charlar sobre algo lo hizo sin ning\u00fan inconveniente&#8221;.<\/p>\n","protected":false},"excerpt":{"rendered":"<p>En medio de la tensi\u00f3n en la que est\u00e1 sumergida la CGT, el presidente Alberto Fern\u00e1ndez cen\u00f3 hoy en la Residencia de Olivos con el triunviro de la central obrera&hellip; <\/p>\n","protected":false},"author":2,"featured_media":16223,"comment_status":"closed","ping_status":"open","sticky":false,"template":"","format":"standard","meta":{"footnotes":""},"categories":[20],"tags":[26],"class_list":["post-16222","post","type-post","status-publish","format-standard","has-post-thumbnail","hentry","category-politica","tag-destacada"],"_links":{"self":[{"href":"https:\/\/eenergetica.com.ar\/index.php\/wp-json\/wp\/v2\/posts\/16222","targetHints":{"allow":["GET"]}}],"collection":[{"href":"https:\/\/eenergetica.com.ar\/index.php\/wp-json\/wp\/v2\/posts"}],"about":[{"href":"https:\/\/eenergetica.com.ar\/index.php\/wp-json\/wp\/v2\/types\/post"}],"author":[{"embeddable":true,"href":"https:\/\/eenergetica.com.ar\/index.php\/wp-json\/wp\/v2\/users\/2"}],"replies":[{"embeddable":true,"href":"https:\/\/eenergetica.com.ar\/index.php\/wp-json\/wp\/v2\/comments?post=16222"}],"version-history":[{"count":1,"href":"https:\/\/eenergetica.com.ar\/index.php\/wp-json\/wp\/v2\/posts\/16222\/revisions"}],"predecessor-version":[{"id":16224,"href":"https:\/\/eenergetica.com.ar\/index.php\/wp-json\/wp\/v2\/posts\/16222\/revisions\/16224"}],"wp:featuredmedia":[{"embeddable":true,"href":"https:\/\/eenergetica.com.ar\/index.php\/wp-json\/wp\/v2\/media\/16223"}],"wp:attachment":[{"href":"https:\/\/eenergetica.com.ar\/index.php\/wp-json\/wp\/v2\/media?parent=16222"}],"wp:term":[{"taxonomy":"category","embeddable":true,"href":"https:\/\/eenergetica.com.ar\/index.php\/wp-json\/wp\/v2\/categories?post=16222"},{"taxonomy":"post_tag","embeddable":true,"href":"https:\/\/eenergetica.com.ar\/index.php\/wp-json\/wp\/v2\/tags?post=16222"}],"curies":[{"name":"wp","href":"https:\/\/api.w.org\/{rel}","templated":true}]}}