{"id":16216,"date":"2022-09-29T08:27:24","date_gmt":"2022-09-29T11:27:24","guid":{"rendered":"http:\/\/eenergetica.com.ar\/?p=16216"},"modified":"2022-09-29T08:27:25","modified_gmt":"2022-09-29T11:27:25","slug":"carrio-sobre-el-atentado-a-cristina-kirchner-cuando-uno-habilita-el-tumulto-te-puede-venir-la-cuchillada","status":"publish","type":"post","link":"https:\/\/eenergetica.com.ar\/index.php\/2022\/09\/29\/carrio-sobre-el-atentado-a-cristina-kirchner-cuando-uno-habilita-el-tumulto-te-puede-venir-la-cuchillada\/","title":{"rendered":"CARRI\u00d3 SOBRE EL ATENTADO A CRISTINA KIRCHNER: &#8220;CUANDO UNO HABILITA EL TUMULTO, TE PUEDE VENIR LA CUCHILLADA&#8221;"},"content":{"rendered":"\n<p><strong>La dirigente de Juntos por el Cambio recalent\u00f3 esta noche la interna en esa alianza opositora, al tiempo que remarc\u00f3 que el atentado fallido que sufri\u00f3 la vicepresidenta Cristina Kirchner en cercan\u00edas de su departamento en Recoleta se produjo porque &#8220;cuando uno habilita el tumulto, te puede venir la cuchillada y cuando uno juega con fuego, a veces se quema&#8221;.<\/strong><\/p>\n\n\n\n<p>&nbsp; &nbsp;De todas maneras, &#8220;Lilita&#8221; lament\u00f3 el ataque frustrado que sufri\u00f3 la ex presidenta, pero consider\u00f3 que &#8220;si las cosas siguen as\u00ed, va a haber muchos&#8221;.<\/p>\n\n\n\n<p>&nbsp;&nbsp; &#8220;Lamento mucho que haya sido una v\u00edctima de un atentado. Pero si las cosas siguen as\u00ed, va a haber muchos&#8221;, advirti\u00f3 Carri\u00f3 en declaraciones al canal Todo Noticias (TN).<\/p>\n\n\n\n<p>&nbsp;&nbsp; Asimismo, a\u00f1adi\u00f3: &#8220;Mir\u00e9n lo que pas\u00f3 en Mosc\u00fa, alguien asesin\u00f3 a siete personas. Lo mismo en Estados Unidos, con las juventudes neonazis. No hay que olvidar que Argentina tambi\u00e9n tuvo muertos.<\/p>\n\n\n\n<p>&nbsp;&nbsp;En la \u00e9poca de Menem, testigos fueron asesinados en causas claves.<br>&nbsp;&nbsp;A m\u00ed me han amenazado de muerte&#8221;.<\/p>\n\n\n\n<p>&nbsp;&nbsp; Ratific\u00f3 desde su parecer la veracidad del ataque sufrido por Cristina Kirchner: &#8220;Hubo un rev\u00f3lver. El hecho existi\u00f3 y le pido a la naci\u00f3n que no ponga en duda eso. La verdad es que si te quieren matar, te matan muchachos. Eso es una obviedad y no est\u00e1 en discusi\u00f3n bajo ning\u00fan concepto&#8221;.<\/p>\n\n\n\n<p>&nbsp;&nbsp; En relaci\u00f3n a la banda de &#8220;los copitos&#8221; en el intento de asesinato, brome\u00f3 al decir que &#8220;yo hubiera comprado los copitos de az\u00facar, porque me gustan los colores&#8221;.<\/p>\n\n\n\n<p>&nbsp;&nbsp; &#8220;Menos mal que ya no vivo ah\u00ed&#8221;, indic\u00f3 &#8220;Lilita&#8221;, quien atribuy\u00f3 la responsabilidad del ataque a la fuerza de seguridad que deb\u00eda custodiar a la Vicepresidenta.<\/p>\n\n\n\n<p>&nbsp;&nbsp; &#8220;Hay muchos errores de la Federal. No s\u00e9 si An\u00edbal Fern\u00e1ndez est\u00e1 cubriendo a la Federal. Pero no dudo de que hay partes aut\u00f3nomas en las fuerzas que trabajan bajo sus propios intereses&#8221;, precis\u00f3.<\/p>\n\n\n\n<p>&nbsp;&nbsp; Tambi\u00e9n advirti\u00f3 los movimientos pol\u00edticos de ultraderecha que se expresaron en favor del atentado al se\u00f1alar que &#8220;esto pasa en todos lados, porque las juventudes neonazis est\u00e1n apareciendo en todo el mundo&#8221;.<\/p>\n\n\n\n<p>&nbsp;&nbsp; Respecto a una eventual postulaci\u00f3n de Cristina en las elecciones, consider\u00f3 que &#8220;hoy solo el 20 por ciento de los votos&#8221;, al tiempo que revel\u00f3: &#8220;No la veo fuerte, al contrario.<\/p>\n\n\n\n<p>&nbsp;&nbsp;Est\u00e1 desesperada pobre porque le viene una posible condena. Si con todas esas pruebas no hay condena&#8221;.<\/p>\n\n\n\n<p>&nbsp;&nbsp; En cambio, sostuvo que el mandatario nacional, Alberto Fern\u00e1ndez, &#8220;no tiene decisi\u00f3n de gobierno, pero puede ser una figura importante al momento de garantizar una transici\u00f3n electoral pac\u00edfica&#8221;.<\/p>\n\n\n\n<p>&nbsp;&nbsp; Por otra parte, recalent\u00f3 la interna de Juntos por el Cambio al advertir que el ex presidente Mauricio Macri destrata a la UCR, en especial al gobernador de Jujuy, Gerardo Morales, por lo que se\u00f1al\u00f3 que esa relaci\u00f3n debe cambiar.<\/p>\n\n\n\n<p>&nbsp;&nbsp; &#8220;El PRO no, es Mauricio (quien maltrata). Tiene que cambiar&#8221;, evalu\u00f3.<br>&nbsp;&nbsp; Adem\u00e1s, afirm\u00f3 que &#8220;el principal problema de la Argentina en la actualidad no es la pol\u00edtico, sino la salud mental&#8221;.<\/p>\n\n\n\n<p>&nbsp;&nbsp; &#8220;La no credibilidad a la pol\u00edtica y todo lo que tenga que ver con ella est\u00e1 dada justamente por la falta de salud mental y el poco sentido de nuestras vidas. Hay una depresi\u00f3n generalizada que se agrav\u00f3 producto de la pandemia y en la que no tuvo tanta injerencia la clase dirigente. Porque cuando uno vota imb\u00e9ciles, gobiernan imb\u00e9ciles. Y el resto que integramos el c\u00edrculo pol\u00edtico no podemos hacernos cargo. Hubiesen votado a otros&#8221;, asever\u00f3.<\/p>\n\n\n\n<p>&nbsp;&nbsp; Y complet\u00f3: &#8220;La Argentina est\u00e1 mal. Somos la ausencia absoluta de ley. Se usurpan tierras, se roban. Cualquier cosas puede pasar.<br>&nbsp;&nbsp;Abusan de la sociedad&#8221;.<\/p>\n\n\n\n<p>&nbsp;&nbsp; Asimismo, consider\u00f3 que el actual ministro de Salud porte\u00f1o, Fern\u00e1n Quir\u00f3s, es la persona id\u00f3nea para resolver este problema dentro de la Ciudad y bajo el cargo de jefe de Gobierno, por lo que lo puso por encima del ministro de Gobierno porte\u00f1o, Jorge Macri, y del senador Mart\u00edn Loustau.<\/p>\n\n\n\n<p>&nbsp;&nbsp; &#8220;Yo creo que un hombre que puedo cuidarnos la salud en un momento, es un hombre sensato y que entiende la magnitud de este inconveniente&#8221;, indic\u00f3 &#8220;Lilita&#8221;.<\/p>\n\n\n\n<p>&nbsp;&nbsp; Adem\u00e1s, asegur\u00f3 que &#8220;hay otras cuestiones, adem\u00e1s de la salud mental, a las que hay que prestar atenci\u00f3n tambi\u00e9n como la falta de comida y el aumento de la inflaci\u00f3n&#8221;.<\/p>\n\n\n\n<p>&nbsp;&nbsp; Sobre las elecciones de 2023 indic\u00f3: &#8220;M\u00e1s all\u00e1 de que se diriman las PASO o no, Juntos por el Cambio est\u00e1 en condiciones de presentarse ya que cuenta con los recursos y las estructuras necesarias. En todo caso, el problema lo tiene el oficialismo&#8221;.<\/p>\n\n\n\n<p>&nbsp;&nbsp; Sobre la gesti\u00f3n de Macri, la dirigente radical asegur\u00f3 que &#8220;no fue un fracaso&#8221;, sino que fue &#8220;un gobierno bueno, con enormes limitaciones, porque no gobern\u00f2 la coalici\u00f3n, sino el que fue elegido presidente, quien tuvo aciertos y errores&#8221;.<\/p>\n\n\n\n<p>&nbsp;&nbsp; &#8220;Juntos por el Cambio est\u00e1 unido, pero no hay un l\u00edder. Macri no es l\u00edder de Juntos por el Cambio,sino que lo es del PRO. Yo soy l\u00edder de la Coalici\u00f3n C\u00edvica y Gerardo Morales lo es del partido radical. Necesitamos trato y respeto de parte de las tres fuerzas.<\/p>\n\n\n\n<p>&nbsp;&nbsp;Creo que hay que mejorar el trato con el radicalismo, no se puede estar despreciando en lo p\u00fablico y en lo privado al partido radical&#8221;, remarc\u00f3.<\/p>\n\n\n\n<p>&nbsp;&nbsp; Por \u00faltimo, en alusi\u00f3n al conflicto originado a ra\u00edz de la toma de escuelas en la Ciudad de Buenos Aires evalu\u00f3: &#8220;La ira es la que toma los colegios en la Ciudad y hay pol\u00edticos promotores de la ira&#8221;.<\/p>\n\n\n\n<p>&nbsp;&nbsp; &#8220;El principal problema que tiene la Argentina es de salud mental. El mayor problema es la falta del sentido de la vida&#8221;, apunt\u00f3 la l\u00edder de la Coalici\u00f3n C\u00edvica.<\/p>\n","protected":false},"excerpt":{"rendered":"<p>La dirigente de Juntos por el Cambio recalent\u00f3 esta noche la interna en esa alianza opositora, al tiempo que remarc\u00f3 que el atentado fallido que sufri\u00f3 la vicepresidenta Cristina Kirchner&hellip; <\/p>\n","protected":false},"author":2,"featured_media":16217,"comment_status":"closed","ping_status":"open","sticky":false,"template":"","format":"standard","meta":{"footnotes":""},"categories":[20],"tags":[],"class_list":["post-16216","post","type-post","status-publish","format-standard","has-post-thumbnail","hentry","category-politica"],"_links":{"self":[{"href":"https:\/\/eenergetica.com.ar\/index.php\/wp-json\/wp\/v2\/posts\/16216","targetHints":{"allow":["GET"]}}],"collection":[{"href":"https:\/\/eenergetica.com.ar\/index.php\/wp-json\/wp\/v2\/posts"}],"about":[{"href":"https:\/\/eenergetica.com.ar\/index.php\/wp-json\/wp\/v2\/types\/post"}],"author":[{"embeddable":true,"href":"https:\/\/eenergetica.com.ar\/index.php\/wp-json\/wp\/v2\/users\/2"}],"replies":[{"embeddable":true,"href":"https:\/\/eenergetica.com.ar\/index.php\/wp-json\/wp\/v2\/comments?post=16216"}],"version-history":[{"count":1,"href":"https:\/\/eenergetica.com.ar\/index.php\/wp-json\/wp\/v2\/posts\/16216\/revisions"}],"predecessor-version":[{"id":16218,"href":"https:\/\/eenergetica.com.ar\/index.php\/wp-json\/wp\/v2\/posts\/16216\/revisions\/16218"}],"wp:featuredmedia":[{"embeddable":true,"href":"https:\/\/eenergetica.com.ar\/index.php\/wp-json\/wp\/v2\/media\/16217"}],"wp:attachment":[{"href":"https:\/\/eenergetica.com.ar\/index.php\/wp-json\/wp\/v2\/media?parent=16216"}],"wp:term":[{"taxonomy":"category","embeddable":true,"href":"https:\/\/eenergetica.com.ar\/index.php\/wp-json\/wp\/v2\/categories?post=16216"},{"taxonomy":"post_tag","embeddable":true,"href":"https:\/\/eenergetica.com.ar\/index.php\/wp-json\/wp\/v2\/tags?post=16216"}],"curies":[{"name":"wp","href":"https:\/\/api.w.org\/{rel}","templated":true}]}}