{"id":16009,"date":"2022-09-22T10:19:37","date_gmt":"2022-09-22T13:19:37","guid":{"rendered":"http:\/\/eenergetica.com.ar\/?p=16009"},"modified":"2022-09-22T10:19:38","modified_gmt":"2022-09-22T13:19:38","slug":"soledad-pastorutti-hay-que-reinventarse-y-yo-siempre-encuentro-algo-distinto-para-hacer","status":"publish","type":"post","link":"https:\/\/eenergetica.com.ar\/index.php\/2022\/09\/22\/soledad-pastorutti-hay-que-reinventarse-y-yo-siempre-encuentro-algo-distinto-para-hacer\/","title":{"rendered":"SOLEDAD PASTORUTTI: &#8220;HAY QUE REINVENTARSE Y YO SIEMPRE ENCUENTRO ALGO DISTINTO PARA HACER&#8221;"},"content":{"rendered":"\n<p><strong>Podr\u00eda reposar en los m\u00e1s de 25 a\u00f1os de carrera que la llevaron a ser una de las voces m\u00e1s representativas de la m\u00fasica argentina o aferrarse a sus cl\u00e1sicos que forman parte del cancionero popular contempor\u00e1neo y no arriesgarse. Sin embargo, Soledad Pastorutti (41) busca constantemente salir de su zona de confort para poder mostrar todas sus facetas con su p\u00fablico.<\/strong><\/p>\n\n\n\n<p>&nbsp; &nbsp;En su mejor momento profesional, la artista oriunda de Arequito viene de consagrarse como ganadora de La Voz Argentina de la mano del chubutense Yhosva Montoya y se uni\u00f3 a Lali Esp\u00f3sito y Natalia Oreiro para lanzar Quiero todo, una canci\u00f3n que compusieron junto a la reconocida cantautora Marcela Morelo, quien tambi\u00e9n form\u00f3 parte de la producci\u00f3n junto a Rodolfo Lugo.<\/p>\n\n\n\n<p>&nbsp;&nbsp; Con un importante cambio de sonido, que va acompa\u00f1ado por una nueva imagen, &#8220;La Sole&#8221; combin\u00f3 cada aspecto de su vida y su carrera para mostrar una clara evoluci\u00f3n. Desde la adolescente que revoleaba el poncho al ritmo de A don Ata y revolucion\u00f3 el folklore, a la voz de las baladas y canciones festivas; desde la actriz que se luci\u00f3 en cine y TV, a la conductora que con la experiencia de haber pasado por tantos escenarios sabe c\u00f3mo manejar tiempos y emociones; y tambi\u00e9n desde la mujer que es cuando baja de los escenarios, siempre apegada a sus ra\u00edces y abocada a la familia que form\u00f3 junto a Jerem\u00edas Audoglio con sus hijas Antonia y Regina.<\/p>\n\n\n\n<p>&nbsp;&nbsp; Con todos estos condimentos, el 29 de octubre volver\u00e1 a subirse al escenario del Movistar Arena para cumplir con una fuerte tradici\u00f3n: celebrar su cumplea\u00f1os con el p\u00fablico que la acompa\u00f1a hace tanto tiempo. Y la fiesta ser\u00e1 por partida doble, ya que adem\u00e1s de sumar un a\u00f1o a su vida, marcar\u00e1 el reencuentro con miles de personas luego de m\u00e1s de dos a\u00f1os de pandemia.<br>.<br>\u00bfC\u00f3mo te prepar\u00e1s para el show en el Movistar Arena?.<\/p>\n\n\n\n<p>&nbsp;&nbsp; -Con muchas ganas. Es un show distinto al que present\u00e9 antes ac\u00e1, m\u00e1s pretencioso y grandilocuente. Me gusta mucho lo que hago y estoy ansiosa de que sea 29 de octubre para plasmar en el escenario todo lo que imagino.<br>&nbsp;&nbsp;.<br>&nbsp;&nbsp; Ya es una costumbre festejar el cumplea\u00f1os con el p\u00fablico, \u00bfTiene un sabor distinto hacer un show tan grande despu\u00e9s de la etapa m\u00e1s dura de la pandemia?.<\/p>\n\n\n\n<p>&nbsp;&nbsp; -S\u00ed, este va a ser mi primer show con este &#8220;relax&#8221;. En los shows que di antes hab\u00eda muchos protocolos, como el uso del barbijo y la distancia social. Yo lo veo bien porque siento que la gente sali\u00f3 de su casa a darlo todo. El p\u00fablico lo vive intensamente y eso me gusta. Es algo que deber\u00edamos haberlo hecho siempre y tuvimos que pasar por una pandemia para valorar muchas cosas. Por suerte estamos hablando de la pandemia como algo casi del pasado y salimos a divertirnos desde un lugar mucho m\u00e1s profundo. Hay que aprovechar todo lo que no tuvimos durante mucho tiempo.<br>&nbsp;&nbsp;.<br>&nbsp;&nbsp; Justamente hay un boom con los espect\u00e1culos musicales.<\/p>\n\n\n\n<p>&nbsp;&nbsp; -S\u00ed y no creo que sea solo por la pandemia. En un pa\u00eds como el nuestro, que es tan fluctuante, que no sab\u00e9s que va a pasar ma\u00f1ana a nivel econ\u00f3mico, muchos deciden gastar su dinero en un recital.<\/p>\n\n\n\n<p>&nbsp;&nbsp;Por eso cuando vienen a verme les digo: &#8220;Espero que la inversi\u00f3n esta noche haya valido la pena&#8221; (se r\u00ede). Porque s\u00e9 que comprar una entrada es todo una inversi\u00f3n, una decisi\u00f3n. Sobre todo para un p\u00fablico como el m\u00edo, que son familias. Por ejemplo, desde donde yo vivo arman combis y vienen hasta Buenos Aires. Es un plan y tiene un costo, por eso les agradezco.<br>&nbsp;&nbsp;.<br>&nbsp;&nbsp; Durante todo el a\u00f1o recorr\u00e9s el pa\u00eds con tu m\u00fasica, \u00bfQu\u00e9 es lo que hace este show tan especial como para que tus fan\u00e1ticos se acerquen a Buenos Aires?.<\/p>\n\n\n\n<p>&nbsp;&nbsp; -Este show es muy diferente a lo que est\u00e1n acostumbrados a ver en otras partes del pa\u00eds. Yo suelo presentarme en festivales, en los que me tengo que amoldar al escenario que hay ah\u00ed, el sonido, el m\u00fasico que viene antes o que viene despu\u00e9s&#8230; En cambio esto es todo m\u00edo y le pongo mucho m\u00e1s de lo que imagino y puedo.<br>&nbsp;&nbsp;.<br>&nbsp;&nbsp; \u00bfC\u00f3mo es el proceso de preparaci\u00f3n de un espect\u00e1culo de esta magnitud?.<\/p>\n\n\n\n<p>&nbsp;&nbsp; -Primero escucho todos mis discos, desde el primero al \u00faltimo, para analizar las canciones que me gustar\u00eda cantar. Armo una lista con los temas que me gustan mucho, que se va achicando porque sino estar\u00eda d\u00edas arriba del escenario. Despu\u00e9s armo el orden de los temas, que tiene que ver con algo que quiero contar. Me gusta siempre arrancar y terminar el show bien arriba, pasando por situaciones m\u00e1s emotivas, de reflexi\u00f3n. Me parece que est\u00e1 bueno dar un show con muchos condimentos. Si va a ser largo, que la gente se vaya con la sensaci\u00f3n de que se qued\u00f3 corto, de que lo disfrut\u00f3 paso a paso, en cada momento. Yo voy pensando situaciones que me gustan y as\u00ed se va armando un gran rompecabezas. Tambi\u00e9n pienso mucho en el vestuario.<br>&nbsp;&nbsp;.<br>&nbsp;&nbsp; Durante la \u00faltima temporada de La Voz Argentina fuiste tendencia todas las semanas por tus looks, \u00bfA qu\u00e9 se debe este cambio de imagen?.<\/p>\n\n\n\n<p>&nbsp;&nbsp; -Es algo que vengo trabajando hace un mont\u00f3n, desde que empec\u00e9 a hacer televisi\u00f3n, y el cambio musical viene de la mano. Es una cuesti\u00f3n de coherencia art\u00edstica incluso. En estos \u00faltimos a\u00f1os se volvi\u00f3 muy importante lo visual: no hay canci\u00f3n que no tenga video o su challenge. No s\u00e9 si encajo en el tipo de los artistas de hoy, porque tengo otra edad y otra experiencia, siento que actualizarme y renovarme hace a mi permanencia. La tele es un poco eso, tambi\u00e9n las nuevas canciones, las colaboraciones y el vestuario. Yo s\u00e9 que ha sido un cambio grande para mucha gente, pero si me segu\u00eds hace mucho tiempo, vas a ver que este cambio no es de ahora. Ahora se ve y est\u00e1 bueno.<br>&nbsp;&nbsp;.<br>&nbsp;&nbsp; Hace poco contaste que cuando arrancaste tu carrera era habitual que se creara cierta rivalidad entre las artistas femeninas y que en Quiero todo, tu \u00faltimo tema, te hayas juntado con figuras tan fuertes como Lali Esp\u00f3sito y Natalia Oreiro es un mensaje contundente.<\/p>\n\n\n\n<p>&nbsp;&nbsp; -Totalmente y lo hago por eso. Yo creo que cada cosa que uno hace es un mensaje. A veces estrat\u00e9gicamente pensado, pero en mi caso siempre soy muy honesta con lo que hago. Por eso la gente tiene esa sensaci\u00f3n de que me conoce hace tiempo y a veces me elige m\u00e1s como persona que como artista. Esta colaboraci\u00f3n surgi\u00f3 naturalmente. En plena pandemia me juntaba con mucha gente virtualmente para trabajar en canciones que fueran bien arriba, para darle alegr\u00eda al p\u00fablico y en una de las grabaciones de La Voz surgi\u00f3 hacer una cumbia juntas. Despu\u00e9s le dijimos a Nati y sum\u00f3 Marcela Morelo como compositora y Rodolfo Lugo, su marido, como productor. Hubo re buena onda de parte de ellas, son mujeres que admiro, que respeto much\u00edsimo y que siempre me han dedicado palabras de aliento y cari\u00f1o. Lo hicimos por el gusto de cantar.<\/p>\n\n\n\n<p>&nbsp;&nbsp;Todas las canciones que estoy sacando este a\u00f1o son &#8220;permitidos musicales&#8221;, no tienen como finalidad un disco. El disco va a salir el a\u00f1o que viene y no va a tener nada que ver con esto.<br>&nbsp;&nbsp;.<br>&nbsp;&nbsp; \u00bfC\u00f3mo hac\u00e9s para abordar el p\u00fablico variado que ten\u00e9s, que abarca desde las generaciones que te conocen desde que empezaste a ni\u00f1os que ahora est\u00e1n descubriendo tu trabajo en Rinc\u00f3n de luz?.<\/p>\n\n\n\n<p>&nbsp;&nbsp; -Mis shows siempre fueron aptos para todo p\u00fablico. Creo que soy una de las artistas que m\u00e1s ha trabajado en este pa\u00eds un poco por eso. Siempre fui muy fiel a mis convicciones, a mi manera de ser, y sabiendo que hay estrategias que una podr\u00eda utilizar para vender una entrada m\u00e1s y que hablen de mi, no lo negocio. No hay necesidad. Mi show es para toda la familia, van a terminar bailando unas lindas cumbias, se van a emocionar cant\u00e1ndole a los abuelos, va a haber folklore, balada, pop. En la generalidad es un show pop que tiene muchos ritmos y mucha variedad.<\/p>\n\n\n\n<p>&nbsp;&nbsp; Pero no tuve la intenci\u00f3n. Hay gente que elige verte en un lugar, pero a m\u00ed eso me asfixia&#8230; me ahoga. No quiero meter al p\u00fablico en una bolsa, porque en general es respetuoso, pero hay quienes necesitan sacarse las broncas. La gran discusi\u00f3n cuando empec\u00e9 era que solo revoleaba el poncho, entonces dej\u00e9 de hacerlo.<\/p>\n\n\n\n<p>&nbsp;&nbsp;Y para m\u00ed eso es un juego que hago desde hace tiempo, para demostrar que en definitiva un artista no es una sola cosa. Un artista es un mont\u00f3n de cosas. Por ejemplo, cuando se fue de mi banda uno de los m\u00fasicos fundamentales no sab\u00eda que iba a ser y segu\u00ed adelante. Son desaf\u00edos y hay que reinventarse. Ese es lo que m\u00e1s me gusta y por eso tengo ganas de seguir por m\u00e1s, porque siempre encuentro algo distinto para hacer.<\/p>\n","protected":false},"excerpt":{"rendered":"<p>Podr\u00eda reposar en los m\u00e1s de 25 a\u00f1os de carrera que la llevaron a ser una de las voces m\u00e1s representativas de la m\u00fasica argentina o aferrarse a sus cl\u00e1sicos&hellip; <\/p>\n","protected":false},"author":2,"featured_media":16010,"comment_status":"closed","ping_status":"open","sticky":false,"template":"","format":"standard","meta":{"footnotes":""},"categories":[22],"tags":[],"class_list":["post-16009","post","type-post","status-publish","format-standard","has-post-thumbnail","hentry","category-sociedad"],"_links":{"self":[{"href":"https:\/\/eenergetica.com.ar\/index.php\/wp-json\/wp\/v2\/posts\/16009","targetHints":{"allow":["GET"]}}],"collection":[{"href":"https:\/\/eenergetica.com.ar\/index.php\/wp-json\/wp\/v2\/posts"}],"about":[{"href":"https:\/\/eenergetica.com.ar\/index.php\/wp-json\/wp\/v2\/types\/post"}],"author":[{"embeddable":true,"href":"https:\/\/eenergetica.com.ar\/index.php\/wp-json\/wp\/v2\/users\/2"}],"replies":[{"embeddable":true,"href":"https:\/\/eenergetica.com.ar\/index.php\/wp-json\/wp\/v2\/comments?post=16009"}],"version-history":[{"count":1,"href":"https:\/\/eenergetica.com.ar\/index.php\/wp-json\/wp\/v2\/posts\/16009\/revisions"}],"predecessor-version":[{"id":16011,"href":"https:\/\/eenergetica.com.ar\/index.php\/wp-json\/wp\/v2\/posts\/16009\/revisions\/16011"}],"wp:featuredmedia":[{"embeddable":true,"href":"https:\/\/eenergetica.com.ar\/index.php\/wp-json\/wp\/v2\/media\/16010"}],"wp:attachment":[{"href":"https:\/\/eenergetica.com.ar\/index.php\/wp-json\/wp\/v2\/media?parent=16009"}],"wp:term":[{"taxonomy":"category","embeddable":true,"href":"https:\/\/eenergetica.com.ar\/index.php\/wp-json\/wp\/v2\/categories?post=16009"},{"taxonomy":"post_tag","embeddable":true,"href":"https:\/\/eenergetica.com.ar\/index.php\/wp-json\/wp\/v2\/tags?post=16009"}],"curies":[{"name":"wp","href":"https:\/\/api.w.org\/{rel}","templated":true}]}}