{"id":15512,"date":"2022-09-06T10:21:44","date_gmt":"2022-09-06T13:21:44","guid":{"rendered":"http:\/\/eenergetica.com.ar\/?p=15512"},"modified":"2022-09-06T10:21:45","modified_gmt":"2022-09-06T13:21:45","slug":"santoro-apunto-contra-los-dirigentes-que-utilizan-el-odio-para-sumar-seguidores-y-hacer-puntos-de-rating","status":"publish","type":"post","link":"https:\/\/eenergetica.com.ar\/index.php\/2022\/09\/06\/santoro-apunto-contra-los-dirigentes-que-utilizan-el-odio-para-sumar-seguidores-y-hacer-puntos-de-rating\/","title":{"rendered":"SANTORO APUNT\u00d3 CONTRA LOS DIRIGENTES QUE &#8220;UTILIZAN EL ODIO PARA SUMAR SEGUIDORES Y HACER PUNTOS DE RATING&#8221;"},"content":{"rendered":"\n<p><strong>El diputado nacional del Frente de Todos Leandro Santoro apunt\u00f3 contra los dirigentes que &#8220;utilizan el odio para sumar seguidores y hacer puntos de rating&#8221;.<\/strong><\/p>\n\n\n\n<p>&nbsp; &nbsp;&#8220;Hay un sector de la pol\u00edtica que utiliza el odio para hacer pol\u00edtica y se dio cuenta que acumulan con el odio, que sirve para sumar seguidores en las redes sociales, para hacer puntos de rating en la tele, para subir en las encuestas&#8221;, sostuvo el dirigente de origen radical.<\/p>\n\n\n\n<p>&nbsp;&nbsp; En di\u00e1logo con Sin Relato, el programa que conduce Antonio Fern\u00e1ndez Llorente en La990, el tambi\u00e9n asesor del presidente Alberto Fern\u00e1ndez se quej\u00f3 de que &#8220;es un c\u00edrculo que se retroalimenta: los medios de comunicaci\u00f3n, las redes, un sector irracional de la pol\u00edtica que tuiteriza el debate p\u00fablico, un sector de la Justicia&#8221;.<\/p>\n\n\n\n<p>&nbsp;&nbsp; De todos modos, aclar\u00f3 que se trata de &#8220;un fen\u00f3meno global&#8221; producto del crecimiento de dirigentes y espacios de derecha.<\/p>\n\n\n\n<p>&nbsp;&nbsp; &#8220;Si uno quiere combatir los discursos del odio, lo peor que puede hacer es odiar. Una vez que arranca el espiral de violencia despu\u00e9s cuesta much\u00edsimo pararlo&#8221;, alert\u00f3 Santoro.<\/p>\n\n\n\n<p>&nbsp;&nbsp; En ese sentido, el dirigente del Frente de Todos remarc\u00f3 que &#8220;la pol\u00edtica tiene que encauzar racionalmente el conflicto social, el debate p\u00fablico&#8221;.<\/p>\n\n\n\n<p>&nbsp;&nbsp; &#8220;Si ten\u00e9s dirigentes pol\u00edticos que le suben la apuesta a los tuiteros, que le suben la apuesta a los comunicadores&#8230; la discusi\u00f3n es a ver qui\u00e9n dice la barbaridad m\u00e1s resonante y eso termina inevitablemente en un pa\u00eds inviable&#8221;, se\u00f1al\u00f3 el legislador nacional.<\/p>\n\n\n\n<p>&nbsp;&nbsp; Y concluy\u00f3: &#8220;Si la paz social y la condena a los discursos de odio entran en la grieta, es realmente incre\u00edble. Se supone que en esas dos cosas tendr\u00edamos que estar todos de acuerdo&#8221;.<\/p>\n","protected":false},"excerpt":{"rendered":"<p>El diputado nacional del Frente de Todos Leandro Santoro apunt\u00f3 contra los dirigentes que &#8220;utilizan el odio para sumar seguidores y hacer puntos de rating&#8221;. &nbsp; &nbsp;&#8220;Hay un sector de&hellip; <\/p>\n","protected":false},"author":2,"featured_media":15513,"comment_status":"closed","ping_status":"open","sticky":false,"template":"","format":"standard","meta":{"footnotes":""},"categories":[20],"tags":[],"class_list":["post-15512","post","type-post","status-publish","format-standard","has-post-thumbnail","hentry","category-politica"],"_links":{"self":[{"href":"https:\/\/eenergetica.com.ar\/index.php\/wp-json\/wp\/v2\/posts\/15512","targetHints":{"allow":["GET"]}}],"collection":[{"href":"https:\/\/eenergetica.com.ar\/index.php\/wp-json\/wp\/v2\/posts"}],"about":[{"href":"https:\/\/eenergetica.com.ar\/index.php\/wp-json\/wp\/v2\/types\/post"}],"author":[{"embeddable":true,"href":"https:\/\/eenergetica.com.ar\/index.php\/wp-json\/wp\/v2\/users\/2"}],"replies":[{"embeddable":true,"href":"https:\/\/eenergetica.com.ar\/index.php\/wp-json\/wp\/v2\/comments?post=15512"}],"version-history":[{"count":1,"href":"https:\/\/eenergetica.com.ar\/index.php\/wp-json\/wp\/v2\/posts\/15512\/revisions"}],"predecessor-version":[{"id":15514,"href":"https:\/\/eenergetica.com.ar\/index.php\/wp-json\/wp\/v2\/posts\/15512\/revisions\/15514"}],"wp:featuredmedia":[{"embeddable":true,"href":"https:\/\/eenergetica.com.ar\/index.php\/wp-json\/wp\/v2\/media\/15513"}],"wp:attachment":[{"href":"https:\/\/eenergetica.com.ar\/index.php\/wp-json\/wp\/v2\/media?parent=15512"}],"wp:term":[{"taxonomy":"category","embeddable":true,"href":"https:\/\/eenergetica.com.ar\/index.php\/wp-json\/wp\/v2\/categories?post=15512"},{"taxonomy":"post_tag","embeddable":true,"href":"https:\/\/eenergetica.com.ar\/index.php\/wp-json\/wp\/v2\/tags?post=15512"}],"curies":[{"name":"wp","href":"https:\/\/api.w.org\/{rel}","templated":true}]}}