{"id":15421,"date":"2022-09-01T09:29:14","date_gmt":"2022-09-01T12:29:14","guid":{"rendered":"http:\/\/eenergetica.com.ar\/?p=15421"},"modified":"2022-09-01T09:29:15","modified_gmt":"2022-09-01T12:29:15","slug":"el-patentamientos-de-autos-subio-un-192-por-ciento-en-agosto","status":"publish","type":"post","link":"https:\/\/eenergetica.com.ar\/index.php\/2022\/09\/01\/el-patentamientos-de-autos-subio-un-192-por-ciento-en-agosto\/","title":{"rendered":"EL PATENTAMIENTOS DE AUTOS SUBI\u00d3 UN 19,2 POR CIENTO EN AGOSTO"},"content":{"rendered":"\n<p><strong>El patentamiento de autos creci\u00f3 en agosto un 19,2 por ciento y acumula en los primeros ocho meses del a\u00f1o una suba interanual del 4,1%, seg\u00fan inform\u00f3 la Asociaci\u00f3n de Concesionarios de Automotores de la Rep\u00fablica Argentina (ACARA).<\/strong><\/p>\n\n\n\n<p>&nbsp; &nbsp;Este mes que termina se patentaron 37.882 unidades, contra las 31.778 unidades de igual mes del a\u00f1o pasado, seg\u00fan el informe de ACARA.<\/p>\n\n\n\n<p>&nbsp;&nbsp; En la comparaci\u00f3n con julio pasado los patentamientos registraron una baja del 2,6% ya que en ese mes se patentaron 38.892 veh\u00edculos.<\/p>\n\n\n\n<p>&nbsp;&nbsp; En los ocho meses acumulados del a\u00f1o se patentaron 286.489 unidades, que signific\u00f3 4,1% m\u00e1s que en el mismo per\u00edodo de 2021, en el que se hab\u00edan registrado 275.303 veh\u00edculos.<\/p>\n\n\n\n<p>&nbsp;&nbsp; El presidente de ACARA, Ricardo Salom\u00e9, afirm\u00f3 que los patentamientos de agosto tienen &#8220;un enorme valor ya que se dan en el pico m\u00e1ximo de restricciones de piezas y veh\u00edculos importados, que hasta el 27 de agosto hab\u00edan arrojado un n\u00famero bajo&#8221;.<\/p>\n\n\n\n<p>&nbsp;&nbsp; &#8220;El esfuerzo de toda la cadena de valor sigue siendo extraordinario y con una mirada de largo plazo porque pese a las dificultades, que no negamos, estamos trabajando con un horizonte de sustentabilidad&#8221;, agreg\u00f3 Salome.<\/p>\n\n\n\n<p>&nbsp;&nbsp; Al referirse al proyecto 2030, por el cual la industria automotriz trabaja de forma articulada con el estado, conformando un equipo de trabajo p\u00fablico y privado dijo que &#8220;deber\u00eda ser imitado en otros sectores productivos&#8221;.<\/p>\n\n\n\n<p>&nbsp;&nbsp; &#8220;Con lo que se produce en el pa\u00eds hoy abastecemos el 55% de los autos que se patentan, algo que siempre fue un viejo anhelo del sector y que parec\u00eda imposible de alcanzar, pero que es una tendencia que ha venido para quedarse&#8221; a\u00f1adi\u00f3 el titular de ACARA.<\/p>\n\n\n\n<p>&nbsp;&nbsp; Salome se\u00f1al\u00f3 que la actual situaci\u00f3n &#8220;representa una verdadera y doble oportunidad&#8221; para ellos &#8220;pero tambi\u00e9n para los clientes que si se adaptan a la oferta existente, dominada por los modelos nacionales, pueden hacer rendir sus ahorros de manera muy conveniente&#8221;.<\/p>\n\n\n\n<p>&nbsp;&nbsp; &#8220;Somos de los pocos sectores que ofrecemos un bien que canaliza ahorros de forma r\u00e1pida, preserva el valor de los mismos y genera la sensaci\u00f3n de disfrute, utilidad, ganancias y beneficios al mismo tiempo&#8221;, indic\u00f3 el presidente de la central empresaria.<\/p>\n\n\n\n<p>&nbsp;&nbsp; El comunicado de ACARA proyecta para todo el a\u00f1o o va a finalizar con 20.000 unidades menos que las proyectadas de 400.000 unidades.<\/p>\n","protected":false},"excerpt":{"rendered":"<p>El patentamiento de autos creci\u00f3 en agosto un 19,2 por ciento y acumula en los primeros ocho meses del a\u00f1o una suba interanual del 4,1%, seg\u00fan inform\u00f3 la Asociaci\u00f3n de&hellip; <\/p>\n","protected":false},"author":2,"featured_media":15422,"comment_status":"closed","ping_status":"open","sticky":false,"template":"","format":"standard","meta":{"footnotes":""},"categories":[21],"tags":[],"class_list":["post-15421","post","type-post","status-publish","format-standard","has-post-thumbnail","hentry","category-economia"],"_links":{"self":[{"href":"https:\/\/eenergetica.com.ar\/index.php\/wp-json\/wp\/v2\/posts\/15421","targetHints":{"allow":["GET"]}}],"collection":[{"href":"https:\/\/eenergetica.com.ar\/index.php\/wp-json\/wp\/v2\/posts"}],"about":[{"href":"https:\/\/eenergetica.com.ar\/index.php\/wp-json\/wp\/v2\/types\/post"}],"author":[{"embeddable":true,"href":"https:\/\/eenergetica.com.ar\/index.php\/wp-json\/wp\/v2\/users\/2"}],"replies":[{"embeddable":true,"href":"https:\/\/eenergetica.com.ar\/index.php\/wp-json\/wp\/v2\/comments?post=15421"}],"version-history":[{"count":1,"href":"https:\/\/eenergetica.com.ar\/index.php\/wp-json\/wp\/v2\/posts\/15421\/revisions"}],"predecessor-version":[{"id":15423,"href":"https:\/\/eenergetica.com.ar\/index.php\/wp-json\/wp\/v2\/posts\/15421\/revisions\/15423"}],"wp:featuredmedia":[{"embeddable":true,"href":"https:\/\/eenergetica.com.ar\/index.php\/wp-json\/wp\/v2\/media\/15422"}],"wp:attachment":[{"href":"https:\/\/eenergetica.com.ar\/index.php\/wp-json\/wp\/v2\/media?parent=15421"}],"wp:term":[{"taxonomy":"category","embeddable":true,"href":"https:\/\/eenergetica.com.ar\/index.php\/wp-json\/wp\/v2\/categories?post=15421"},{"taxonomy":"post_tag","embeddable":true,"href":"https:\/\/eenergetica.com.ar\/index.php\/wp-json\/wp\/v2\/tags?post=15421"}],"curies":[{"name":"wp","href":"https:\/\/api.w.org\/{rel}","templated":true}]}}