{"id":15418,"date":"2022-09-01T09:25:57","date_gmt":"2022-09-01T12:25:57","guid":{"rendered":"http:\/\/eenergetica.com.ar\/?p=15418"},"modified":"2022-09-01T09:25:57","modified_gmt":"2022-09-01T12:25:57","slug":"la-cgt-le-llevo-a-massa-el-reclamo-por-obras-sociales-y-suma-fija-para-los-trabajadores","status":"publish","type":"post","link":"https:\/\/eenergetica.com.ar\/index.php\/2022\/09\/01\/la-cgt-le-llevo-a-massa-el-reclamo-por-obras-sociales-y-suma-fija-para-los-trabajadores\/","title":{"rendered":"LA CGT LE LLEV\u00d3 A MASSA EL RECLAMO POR OBRAS SOCIALES Y SUMA FIJA PARA LOS TRABAJADORES"},"content":{"rendered":"\n<p><strong>El ministro de Econom\u00eda, Sergio Massa, recogi\u00f3 hoy una serie de pedidos por parte de representantes de la CGT referidos a las deudas con obras sociales, el pago de una suma fija a los trabajadores para paliar la inflaci\u00f3n, y el impacto del impuesto a las Ganancias.<\/strong><\/p>\n\n\n\n<p>&nbsp; &nbsp;Pero acuciado por un gasto p\u00fablico que no admite m\u00e1s desv\u00edos, el jefe del Palacio de Hacienda tom\u00f3 nota, prometi\u00f3 estudiar los reclamos y eventualmente dar una respuesta.<\/p>\n\n\n\n<p>&nbsp;&nbsp; La delegaci\u00f3n de la CGT estuvo encabezada por Pablo Moyano, quien estuvo acompa\u00f1ado por Omar P\u00e9rez, dirigente de la Federaci\u00f3n de Trabajadores Camioneros, Mario Manrique de SMATA, Cristian Jer\u00f3nimo, del sindicato del Vidrio, Omar Plaini del sindicato de Canillitas y Pablo Flores de AFIP.<\/p>\n\n\n\n<p>&nbsp;&nbsp; Seg\u00fan trascendi\u00f3, Moyano puso \u00e9nfasis en que el Gobierno dicte por decreto el pago de una suma fija para todos los trabajadores, medida que no es bien vista en el Palacio de Hacienda dado que complicar\u00eda las conversaciones que se est\u00e1n manteniendo con empresarios para controlar la inflaci\u00f3n y las importaciones, entre otros temas.<\/p>\n\n\n\n<p>&nbsp;&nbsp; Otro punto que estuvo en la mesa de discusi\u00f3n es el dinero que el Estado nacional le adeuda a las obras sociales sindicales.<\/p>\n\n\n\n<p>&nbsp;&nbsp; Massa tiene la intenci\u00f3n de girarle a las obras sociales unos $ 21 mil millones en los pr\u00f3ximos cuatro meses que est\u00e1n retenidos en la Superintendencia de Salud desde la conducci\u00f3n de Mart\u00edn Guzm\u00e1n.<\/p>\n\n\n\n<p>&nbsp;&nbsp; La discusi\u00f3n por las partidas que el Estado les adeuda tiene como trasfondo el financiamiento de las enfermedades de alta complejidad y la atenci\u00f3n de discapacidades.<\/p>\n\n\n\n<p>&nbsp;&nbsp; La propuesta de Massa es que el presupuesto 2023 contenga una partida especial para el financiamiento de esos gastos pero diferentes sectores sociales se oponen a que esas prestaciones dependan de las arcas estatales.<\/p>\n\n\n\n<p>&nbsp;&nbsp; El sindicalismo busca quitarse de encima estas obligaciones debido a su alto costo que, seg\u00fan calculan podr\u00eda ascender a $ 50 mil millones a fin de 2022.<\/p>\n","protected":false},"excerpt":{"rendered":"<p>El ministro de Econom\u00eda, Sergio Massa, recogi\u00f3 hoy una serie de pedidos por parte de representantes de la CGT referidos a las deudas con obras sociales, el pago de una&hellip; <\/p>\n","protected":false},"author":2,"featured_media":15419,"comment_status":"closed","ping_status":"open","sticky":false,"template":"","format":"standard","meta":{"footnotes":""},"categories":[21],"tags":[26],"class_list":["post-15418","post","type-post","status-publish","format-standard","has-post-thumbnail","hentry","category-economia","tag-destacada"],"_links":{"self":[{"href":"https:\/\/eenergetica.com.ar\/index.php\/wp-json\/wp\/v2\/posts\/15418","targetHints":{"allow":["GET"]}}],"collection":[{"href":"https:\/\/eenergetica.com.ar\/index.php\/wp-json\/wp\/v2\/posts"}],"about":[{"href":"https:\/\/eenergetica.com.ar\/index.php\/wp-json\/wp\/v2\/types\/post"}],"author":[{"embeddable":true,"href":"https:\/\/eenergetica.com.ar\/index.php\/wp-json\/wp\/v2\/users\/2"}],"replies":[{"embeddable":true,"href":"https:\/\/eenergetica.com.ar\/index.php\/wp-json\/wp\/v2\/comments?post=15418"}],"version-history":[{"count":1,"href":"https:\/\/eenergetica.com.ar\/index.php\/wp-json\/wp\/v2\/posts\/15418\/revisions"}],"predecessor-version":[{"id":15420,"href":"https:\/\/eenergetica.com.ar\/index.php\/wp-json\/wp\/v2\/posts\/15418\/revisions\/15420"}],"wp:featuredmedia":[{"embeddable":true,"href":"https:\/\/eenergetica.com.ar\/index.php\/wp-json\/wp\/v2\/media\/15419"}],"wp:attachment":[{"href":"https:\/\/eenergetica.com.ar\/index.php\/wp-json\/wp\/v2\/media?parent=15418"}],"wp:term":[{"taxonomy":"category","embeddable":true,"href":"https:\/\/eenergetica.com.ar\/index.php\/wp-json\/wp\/v2\/categories?post=15418"},{"taxonomy":"post_tag","embeddable":true,"href":"https:\/\/eenergetica.com.ar\/index.php\/wp-json\/wp\/v2\/tags?post=15418"}],"curies":[{"name":"wp","href":"https:\/\/api.w.org\/{rel}","templated":true}]}}