{"id":15302,"date":"2022-08-29T08:32:55","date_gmt":"2022-08-29T11:32:55","guid":{"rendered":"http:\/\/eenergetica.com.ar\/?p=15302"},"modified":"2022-08-29T08:32:56","modified_gmt":"2022-08-29T11:32:56","slug":"arroyo-salgado-revelo-que-cristina-y-macri-trataron-de-hablar-con-ella-por-nisman-pero-los-rechazo","status":"publish","type":"post","link":"https:\/\/eenergetica.com.ar\/index.php\/2022\/08\/29\/arroyo-salgado-revelo-que-cristina-y-macri-trataron-de-hablar-con-ella-por-nisman-pero-los-rechazo\/","title":{"rendered":"ARROYO SALGADO REVEL\u00d3 QUE CRISTINA Y MACRI TRATARON DE HABLAR CON ELLA POR NISMAN, PERO LOS RECHAZ\u00d3"},"content":{"rendered":"\n<p><strong>La jueza federal Sandra Arroyo Salgado revel\u00f3 hoy que tras la muerte del fiscal Alberto Nisman, su ex esposo, tanto Cristina Kirchner como Mauricio Macri intentaron comunicarse con ella.<\/strong><\/p>\n\n\n\n<p>La ex presidenta lo hizo mediante un abogado &#8220;que habla en nombre de ella&#8221;, mientras que el ex mandatario le solicit\u00f3 una reuni\u00f3n mediante el ex titular de la AFI Gustavo Arribas, propuestas que rechaz\u00f3 por igual.&nbsp;<\/p>\n\n\n\n<p>&#8220;En el a\u00f1o 2015, Cristina intent\u00f3 contactarse conmigo y mis hijas&#8221;, revel\u00f3 aunque puntualiz\u00f3 que fue a trav\u00e9s de un intermediario.<\/p>\n\n\n\n<p>&#8220;Llam\u00f3 al tel\u00e9fono oficial del juzgado un abogado que hablaba en nombre de la (por entonces) presidenta y quer\u00eda comunicarse conmigo. No me pareci\u00f3 un interlocutor v\u00e1lido y dije que no me correspond\u00eda hablar&#8221;,. precis\u00f3 la magistrada en declaraciones al programa &#8220;Si pasa, pasa&#8221;, que conduce Ignacio Ortelli por Radio Rivadavia.<\/p>\n\n\n\n<p>Respecto a Macri, Arroyo Salgado record\u00f3 que en su etapa como presidente busc\u00f3 acercar posiciones, algo a lo que tampoco accedi\u00f3.<\/p>\n\n\n\n<p>&#8220;Recib\u00ed un llamado del ex titular de la AFI Gustavo Arribas, que me propon\u00eda reunirme con Macri y le transmit\u00ed que dadas mis funciones eso no correspond\u00eda y que no mezclaba mi trabajo con asuntos personales&#8221;, explic\u00f3.<\/p>\n\n\n\n<p>El fiscal Nisman hab\u00eda denunciado a Cristina Kirchner por haber participado como supuesta &#8220;encubridora de los responsables del atentado a la AMIA&#8221;, pero un d\u00eda antes de declarar en el Congreso al respecto apareci\u00f3 muerto de un disparo en la cabeza dentro del ba\u00f1o de su apartamento de Puerto Madero, en condiciones que nunca se esclarecieron. .<\/p>\n\n\n\n<p>De hecho, en los \u00faltimos d\u00edas, el propio presidente Alberto Fern\u00e1ndez fue consultado por el caso Nisman en una entrevista en el piso del canal Todo Noticias (TN) y lo compar\u00f3 con uno de los fiscales del juicio oral por presuntos desv\u00edos de fondos p\u00fablicos que enfrenta Cristina, m\u00e1s conocido como causa &#8220;Vialidad&#8221;, dichos que generaron controversia.<\/p>\n\n\n\n<p>&#8220;Hasta ac\u00e1, lo que le paso a Nisman es que se suicid\u00f3. Hasta ac\u00e1 no se prob\u00f3 otra cosa. Espero que no haga algo as\u00ed el fiscal [Diego] Luciani&#8221;, hab\u00eda remarcado el mandatario nacional, en relaci\u00f3n con el fiscal que pidi\u00f3 la \u00faltima condena contra la Vicepresidenta.<\/p>\n\n\n\n<p>Al respecto, Arroyo Salgado \u2013que sostiene que Nisman fue asesinado\u2013 lament\u00f3 lo ocurrido: &#8220;Es muy dif\u00edcil convivir con esas declaraciones que encima fueron emitidas por la m\u00e1xima autoridad del Poder Ejecutivo. Mi hija toma dimensi\u00f3n de eso, y es muy respetuosa&#8221;.<\/p>\n\n\n\n<p>La jueza federal, sin embargo, se distanci\u00f3 del pedido de la oposici\u00f3n de juicio pol\u00edtico y anticip\u00f3 que no denunciar\u00e1 al Presidente.<\/p>\n\n\n\n<p>&#8220;Por mi deber como jueza federal no me plantee presentar una demanda por los dichos del presidente. Tengo una tarea que cumplir y no puedo poner en riesgo eso&#8221;, remarc\u00f3.<br>Por \u00faltimo, cuestion\u00f3 la situaci\u00f3n del pa\u00eds y la presi\u00f3n que existe sobre el desempe\u00f1o de la Justicia.<\/p>\n\n\n\n<p>&#8220;Me preocupa much\u00edsimo el momento que transitamos no solo como integrante del poder judicial sino como ciudadana. Esta semana es un momento de alta tensi\u00f3n para nosotros. Todo esto no ocurrir\u00eda si respetamos la independencia de poderes&#8221;, concluy\u00f3.<\/p>\n\n\n\n<figure class=\"wp-block-table\"><table><tbody><tr><\/tr><\/tbody><\/table><\/figure>\n\n\n\n<figure class=\"wp-block-table\"><table><tbody><tr><\/tr><\/tbody><\/table><\/figure>\n","protected":false},"excerpt":{"rendered":"<p>La jueza federal Sandra Arroyo Salgado revel\u00f3 hoy que tras la muerte del fiscal Alberto Nisman, su ex esposo, tanto Cristina Kirchner como Mauricio Macri intentaron comunicarse con ella. La&hellip; <\/p>\n","protected":false},"author":2,"featured_media":15303,"comment_status":"closed","ping_status":"open","sticky":false,"template":"","format":"standard","meta":{"footnotes":""},"categories":[20],"tags":[],"class_list":["post-15302","post","type-post","status-publish","format-standard","has-post-thumbnail","hentry","category-politica"],"_links":{"self":[{"href":"https:\/\/eenergetica.com.ar\/index.php\/wp-json\/wp\/v2\/posts\/15302","targetHints":{"allow":["GET"]}}],"collection":[{"href":"https:\/\/eenergetica.com.ar\/index.php\/wp-json\/wp\/v2\/posts"}],"about":[{"href":"https:\/\/eenergetica.com.ar\/index.php\/wp-json\/wp\/v2\/types\/post"}],"author":[{"embeddable":true,"href":"https:\/\/eenergetica.com.ar\/index.php\/wp-json\/wp\/v2\/users\/2"}],"replies":[{"embeddable":true,"href":"https:\/\/eenergetica.com.ar\/index.php\/wp-json\/wp\/v2\/comments?post=15302"}],"version-history":[{"count":1,"href":"https:\/\/eenergetica.com.ar\/index.php\/wp-json\/wp\/v2\/posts\/15302\/revisions"}],"predecessor-version":[{"id":15304,"href":"https:\/\/eenergetica.com.ar\/index.php\/wp-json\/wp\/v2\/posts\/15302\/revisions\/15304"}],"wp:featuredmedia":[{"embeddable":true,"href":"https:\/\/eenergetica.com.ar\/index.php\/wp-json\/wp\/v2\/media\/15303"}],"wp:attachment":[{"href":"https:\/\/eenergetica.com.ar\/index.php\/wp-json\/wp\/v2\/media?parent=15302"}],"wp:term":[{"taxonomy":"category","embeddable":true,"href":"https:\/\/eenergetica.com.ar\/index.php\/wp-json\/wp\/v2\/categories?post=15302"},{"taxonomy":"post_tag","embeddable":true,"href":"https:\/\/eenergetica.com.ar\/index.php\/wp-json\/wp\/v2\/tags?post=15302"}],"curies":[{"name":"wp","href":"https:\/\/api.w.org\/{rel}","templated":true}]}}