{"id":15264,"date":"2022-08-28T13:32:34","date_gmt":"2022-08-28T16:32:34","guid":{"rendered":"http:\/\/eenergetica.com.ar\/?p=15264"},"modified":"2022-08-28T13:32:35","modified_gmt":"2022-08-28T16:32:35","slug":"el-gobierno-porteno-defendio-el-vallado-en-la-casa-de-cristina-kirchner-y-advirtio-va-a-estar-el-tiempo-que-sea-necesario","status":"publish","type":"post","link":"https:\/\/eenergetica.com.ar\/index.php\/2022\/08\/28\/el-gobierno-porteno-defendio-el-vallado-en-la-casa-de-cristina-kirchner-y-advirtio-va-a-estar-el-tiempo-que-sea-necesario\/","title":{"rendered":"EL GOBIERNO PORTE\u00d1O DEFENDI\u00d3 EL VALLADO EN LA CASA DE CRISTINA KIRCHNER Y ADVIRTI\u00d3: &#8220;VA A ESTAR EL TIEMPO QUE SEA NECESARIO&#8221;"},"content":{"rendered":"\n<p><strong>El Gobierno porte\u00f1o defendi\u00f3 el operativo de seguridad montado en la esquina de Uruguay y Juncal, donde vive la vicepresidenta, Cristina Kirchner, y subray\u00f3 que &#8220;el vallado va a estar el tiempo que sea necesario&#8221; en el lugar.<\/strong><\/p>\n\n\n\n<p>&nbsp; &nbsp;&#8220;Vamos a ser firmes para que el barrio recupere la tranquilidad&#8221;, sostuvo el jefe de Gabinete de la Ciudad, Felipe Miguel, al ser consultado sobre la pol\u00e9mica generada en torno a las vallas instaladas en el barrio de Recoleta.<\/p>\n\n\n\n<p>&nbsp;&nbsp; En declaraciones a TN, el referente del PRO aclar\u00f3 que &#8220;el vallado va a estar el tiempo que sea necesario&#8221; montado frente al domicilio de la titular del Senado, que en la \u00faltima semana se convirti\u00f3 en una suerte de lugar de peregrinaci\u00f3n para la militancia kirchnerista que concurri\u00f3 a respaldar a la ex presidenta.<\/p>\n\n\n\n<p>&nbsp;&nbsp; Felipe Miguel afirm\u00f3 que el Gobierno porte\u00f1o &#8220;tiene la responsabilidad de garantizar el orden p\u00fablico y que no se altere la vida de los vecinos del barrio&#8221;.<\/p>\n\n\n\n<p>&nbsp;&nbsp; En ese sentido, el funcionario de la Ciudad se refiri\u00f3 a las quejas de los vecinos por la movilizaci\u00f3n en la zona y se\u00f1al\u00f3 que hubo &#8220;batucadas, ferias, ruidos hasta las 2 de la ma\u00f1ana y hasta fuegos artificiales&#8221;.<\/p>\n\n\n\n<p>&nbsp;&nbsp; El ministro coordinador porte\u00f1o se\u00f1al\u00f3 que el operativo de &#8220;limpieza y control&#8221; que se mont\u00f3 en Uruguay y Juncal &#8220;es una de las herramientas&#8221; con que cuentan para &#8220;ir disuadiendo&#8221; a los manifestantes e insisti\u00f3: &#8220;Lo que no se puede hacer es alterar la vida a la gente&#8221;.<\/p>\n","protected":false},"excerpt":{"rendered":"<p>El Gobierno porte\u00f1o defendi\u00f3 el operativo de seguridad montado en la esquina de Uruguay y Juncal, donde vive la vicepresidenta, Cristina Kirchner, y subray\u00f3 que &#8220;el vallado va a estar&hellip; <\/p>\n","protected":false},"author":2,"featured_media":15265,"comment_status":"closed","ping_status":"open","sticky":false,"template":"","format":"standard","meta":{"footnotes":""},"categories":[24],"tags":[],"class_list":["post-15264","post","type-post","status-publish","format-standard","has-post-thumbnail","hentry","category-provincia"],"_links":{"self":[{"href":"https:\/\/eenergetica.com.ar\/index.php\/wp-json\/wp\/v2\/posts\/15264","targetHints":{"allow":["GET"]}}],"collection":[{"href":"https:\/\/eenergetica.com.ar\/index.php\/wp-json\/wp\/v2\/posts"}],"about":[{"href":"https:\/\/eenergetica.com.ar\/index.php\/wp-json\/wp\/v2\/types\/post"}],"author":[{"embeddable":true,"href":"https:\/\/eenergetica.com.ar\/index.php\/wp-json\/wp\/v2\/users\/2"}],"replies":[{"embeddable":true,"href":"https:\/\/eenergetica.com.ar\/index.php\/wp-json\/wp\/v2\/comments?post=15264"}],"version-history":[{"count":1,"href":"https:\/\/eenergetica.com.ar\/index.php\/wp-json\/wp\/v2\/posts\/15264\/revisions"}],"predecessor-version":[{"id":15266,"href":"https:\/\/eenergetica.com.ar\/index.php\/wp-json\/wp\/v2\/posts\/15264\/revisions\/15266"}],"wp:featuredmedia":[{"embeddable":true,"href":"https:\/\/eenergetica.com.ar\/index.php\/wp-json\/wp\/v2\/media\/15265"}],"wp:attachment":[{"href":"https:\/\/eenergetica.com.ar\/index.php\/wp-json\/wp\/v2\/media?parent=15264"}],"wp:term":[{"taxonomy":"category","embeddable":true,"href":"https:\/\/eenergetica.com.ar\/index.php\/wp-json\/wp\/v2\/categories?post=15264"},{"taxonomy":"post_tag","embeddable":true,"href":"https:\/\/eenergetica.com.ar\/index.php\/wp-json\/wp\/v2\/tags?post=15264"}],"curies":[{"name":"wp","href":"https:\/\/api.w.org\/{rel}","templated":true}]}}