{"id":15257,"date":"2022-08-28T13:22:58","date_gmt":"2022-08-28T16:22:58","guid":{"rendered":"http:\/\/eenergetica.com.ar\/?p=15257"},"modified":"2022-08-28T13:22:58","modified_gmt":"2022-08-28T16:22:58","slug":"detalle-de-lo-que-hay-detras-de-la-causa-por-la-obra-publica","status":"publish","type":"post","link":"https:\/\/eenergetica.com.ar\/index.php\/2022\/08\/28\/detalle-de-lo-que-hay-detras-de-la-causa-por-la-obra-publica\/","title":{"rendered":"DETALLE DE LO QUE HAY DETR\u00c1S DE LA CAUSA POR LA OBRA P\u00daBLICA"},"content":{"rendered":"\n<p><strong>Con el pedido de 12 a\u00f1os para Cristina Kirchner, los fiscales Diego Luciani y Sergio Mola lograron algo que parec\u00eda imposible: realinear las fuerzas del Frente de Todos, suspender las diferencias, y reordenar a Juntos por el Cambio detr\u00e1s de los pedidos de condena.<\/strong><\/p>\n\n\n\n<p>&nbsp; &nbsp;Asimismo y en silencio, el ministro de Econom\u00eda, Sergio Massa, aprovecha la coyuntura y hace uso de las garant\u00edas oficialista de ser la nueva incorporaci\u00f3n para moverse con libertades. .<\/p>\n\n\n\n<p>&nbsp;&nbsp; La figura de persecuci\u00f3n pol\u00edtica a la vicepresidenta parece convencer al interior del Gobierno y la levantan hasta lo oficialistas con peor relaci\u00f3n con el kirchnerismo.<\/p>\n\n\n\n<p>&nbsp;&nbsp; El presidente Alberto Fern\u00e1ndez se esfuerza por mostrarse como uno de los mejores defensores jur\u00eddicos del caso, y considera central mantenerse &#8220;en permanente estado de alerta y movilizaci\u00f3n&#8221;.<\/p>\n\n\n\n<p>&nbsp;&nbsp; &#8220;Miren que puedo tener diferencias con Cristina, pero en esto estoy absolutamente de su lado. No tuve diferencia ni cuando no nos habl\u00e1bamos. Cuando no nos habl\u00e1bamos, estuve en todos los canales de televisi\u00f3n defendi\u00e9ndola&#8221;, enfatiz\u00f3 el mandatario ante el Consejo Nacional del PJ como cont\u00f3 NA.<\/p>\n\n\n\n<p>&nbsp;&nbsp; La acci\u00f3n en las calles es inminente, resta afilar la convocatoria y ver c\u00f3mo se desencadenan los hechos del d\u00eda a d\u00eda.&nbsp;.<\/p>\n\n\n\n<p>&nbsp;&nbsp; El movimiento en falso de Horacio Rodr\u00edguez Larreta con el vallado en las inmediaciones de la casa de la ex mandataria del s\u00e1bado produjo un efecto inesperado incluso para la propia oposici\u00f3n.<\/p>\n\n\n\n<p>&nbsp;&nbsp; Las instancias plenarias convocadas para organizar acciones a futuro en defensa de Cristina Kirchner se suspendieron y en su lugar, el oficialismo llam\u00f3 a una movilizaci\u00f3n hacia Juncal y Uruguay de la que participaron incluso funcionarios y dirigentes, inclu\u00edda la portavoz presidencial Gabriela Cerruti, respaldada por el Presidente a trav\u00e9s de su cuenta de Twitter.<\/p>\n\n\n\n<p>&nbsp;&nbsp; A su vez, Juntos por el Cambio se vio obligado a dar una conferencia de prensa&nbsp;dejando una peculiar postal de unidad sostenida por la denuncia contra la Vicepresidenta por &#8220;alentar a la violencia&#8221;.<\/p>\n\n\n\n<p>&nbsp;&nbsp; Uno a uno ubicados detr\u00e1s del jefe de Gobierno porte\u00f1o, dirigentes de los distintos espacios de la coalici\u00f3n respaldaron los reclamos.<\/p>\n\n\n\n<p>&nbsp;&nbsp; Desde sus redes sociales, Mauricio Macri apadrin\u00f3 las exigencias y cruz\u00f3 a la vicepresidenta con dureza.&nbsp;&nbsp;.<\/p>\n\n\n\n<p>&nbsp;&nbsp; En paralelo, en una mesa de di\u00e1logo entre las partes, protagonizadas por los ministros de Seguridad, An\u00edbal Fern\u00e1ndez y Marcelo D&#8217;Alessandro resolvieron bajar la tensi\u00f3n.<\/p>\n\n\n\n<p>&nbsp;&nbsp; Desde su casa en Recoleta, la ex mandataria esboz\u00f3 un breve discurso con algunos tintes electorales en el que polariz\u00f3 con la oposici\u00f3n y envi\u00f3 a su militancia &#8220;a descansar&#8221;, desarticulando as\u00ed la respuesta en su nombre.&nbsp;.<\/p>\n\n\n\n<p>&nbsp;&nbsp; Aunque desde su entorno sostengan que &#8220;todav\u00eda falta mucho&#8221;, no es la primera se\u00f1al de cara a 2023 que env\u00eda Cristina durante la semana.<\/p>\n\n\n\n<p>&nbsp;&nbsp; El pasado jueves se dej\u00f3 retratar usando una gorra negra con la leyenda &#8220;CFK 2023&#8221;, que le extendi\u00f3 uno de sus seguidores.<\/p>\n\n\n\n<p>&nbsp;&nbsp; El s\u00e1bado, mientras ella arremet\u00eda contra Juntos por el Cambio en un improvisado escenario ubicado en la esquina de su piso, los manifestantes coreaban &#8220;Presidenta, Cristina presidenta&#8221;.&nbsp;.<\/p>\n\n\n\n<p>&nbsp;&nbsp; Los peculiares tweets de su abogado Gregorio Dalb\u00f3n dejan en claro que, a pesar de haberlos atribuido a t\u00edtulo personal, en su entorno el tema est\u00e1 instalado.<\/p>\n\n\n\n<p>&nbsp;&nbsp; Con varias instancias organizativas en curso, entre ellas, un nuevo Congreso del PJ programado para el 3 de septiembre y nuevas reuniones de sus miembros, el oficialismo -con el mandatario a la cabeza- cierra l\u00edneas y define las acciones a seguir para respaldar a la ex presidenta en las calles.<\/p>\n\n\n\n<p>&nbsp;&nbsp; Del otro lado, Juntos por el Cambio esconde sus ya conocidas diferencias bajo la alfombra y potencia la denuncia contra Cristina Kirchner.<\/p>\n\n\n\n<p>&nbsp;&nbsp; Esto, a\u00fan en esta instancia, les vale la demarcaci\u00f3n de referentes de peso como Facundo Manes y Gerardo Morales que hacen p\u00fablicos sus debates.&nbsp;.<br>&nbsp;&nbsp; .<br>&nbsp;&nbsp; Los objetivos de un silencioso Sergio Massa.<br>&nbsp;<\/p>\n\n\n\n<p>&nbsp; &nbsp;En paralelo y con la atenci\u00f3n medi\u00e1tica puesta en el juicio por la Obra P\u00fablica, Massa dio sus primeras puntadas en la delimitaci\u00f3n de un plan econ\u00f3mico que lo posicione para 2023.<\/p>\n\n\n\n<p>&nbsp;&nbsp; Su objetivo es claro: alcanzar el orden fiscal&nbsp;y cumplir con la meta pactada con el FMI para el 2022 de 2,5% de d\u00e9ficit, y en eso trabaja.<\/p>\n\n\n\n<p>&nbsp;&nbsp; Dicho orden toma materialidad en el congelamiento del personal estatal, la delimitaci\u00f3n del Presupuesto 2022 como techo para gastos, y la decisi\u00f3n de &#8220;reasignar&#8221; partidas presupuestarias no ejecutadas a la fecha.<\/p>\n\n\n\n<p>&nbsp;&nbsp; En respaldo a ese ABC que defienden desde el Palacio de Hacienda, llegaron las primeras acciones.&nbsp;.<\/p>\n\n\n\n<p>&nbsp;&nbsp; A mitad de semana se public\u00f3 la&nbsp;Decisi\u00f3n Administrativa 826\/2022&nbsp;que revela la reducci\u00f3n en las partidas de gastos en diferentes ministerios&nbsp;que redondean un total de 210.000 millones de pesos, con el objetivo de ahorrar el equivalente al&nbsp;3,1% del d\u00e9ficit fiscal total de 2022.<\/p>\n\n\n\n<p>&nbsp;&nbsp; Los recortes pasaron con poca trascendencia, pero alcanzaron a varias carteras ministeriales, entre ellas al \u00e1rea de Desarrollo Productivo ($70.000 millones); de Desarrollo Territorial y H\u00e1bitat ($50.000&nbsp;millones); de Educaci\u00f3n (50.000 millones); de Obras P\u00fablicas ($20.000 millones), y de Transporte ($10.000 millones) y Salud ($10.000 millones).<\/p>\n\n\n\n<p>&nbsp;&nbsp; Desde Casa Rosada perciben cada acci\u00f3n del ministro, pero aseguran que a\u00fan cuenta con la garant\u00eda otorgada por el desembarco en el Gabinete.<\/p>\n\n\n\n<p>&nbsp;&nbsp; &#8220;El juicio contra la Vicepresidenta no afecta el plan econ\u00f3mico de Massa. Es m\u00e1s, el fiscal (Diego Luciani) trabaja para Sergio porque todo esto pas\u00f3 desapercibido&#8221;, ironiz\u00f3 un funcionario del entorno del presidente en di\u00e1logo con Noticias Argentinas en referencia a la poca visibilidad que tuvieron sus primeras medidas.&nbsp;.<\/p>\n\n\n\n<p>&nbsp;&nbsp; Al ordenamiento de las cuentas se suma la tensi\u00f3n con los distintos sectores en pugna.<\/p>\n\n\n\n<p>&nbsp;&nbsp; La CGT, el Campo, los empresarios y movimientos sociales solicitan ser atendidos y negociar sus reclamos con el ministro que, al momento, parece atender a todos los tel\u00e9fonos, con prioridades, claro est\u00e1, mientras goza del poder y la libertad de ser la flamante incorporaci\u00f3n hasta que se le acaben los cr\u00e9ditos.&nbsp;.<\/p>\n","protected":false},"excerpt":{"rendered":"<p>Con el pedido de 12 a\u00f1os para Cristina Kirchner, los fiscales Diego Luciani y Sergio Mola lograron algo que parec\u00eda imposible: realinear las fuerzas del Frente de Todos, suspender las&hellip; <\/p>\n","protected":false},"author":2,"featured_media":15258,"comment_status":"closed","ping_status":"open","sticky":false,"template":"","format":"standard","meta":{"footnotes":""},"categories":[20],"tags":[],"class_list":["post-15257","post","type-post","status-publish","format-standard","has-post-thumbnail","hentry","category-politica"],"_links":{"self":[{"href":"https:\/\/eenergetica.com.ar\/index.php\/wp-json\/wp\/v2\/posts\/15257","targetHints":{"allow":["GET"]}}],"collection":[{"href":"https:\/\/eenergetica.com.ar\/index.php\/wp-json\/wp\/v2\/posts"}],"about":[{"href":"https:\/\/eenergetica.com.ar\/index.php\/wp-json\/wp\/v2\/types\/post"}],"author":[{"embeddable":true,"href":"https:\/\/eenergetica.com.ar\/index.php\/wp-json\/wp\/v2\/users\/2"}],"replies":[{"embeddable":true,"href":"https:\/\/eenergetica.com.ar\/index.php\/wp-json\/wp\/v2\/comments?post=15257"}],"version-history":[{"count":1,"href":"https:\/\/eenergetica.com.ar\/index.php\/wp-json\/wp\/v2\/posts\/15257\/revisions"}],"predecessor-version":[{"id":15259,"href":"https:\/\/eenergetica.com.ar\/index.php\/wp-json\/wp\/v2\/posts\/15257\/revisions\/15259"}],"wp:featuredmedia":[{"embeddable":true,"href":"https:\/\/eenergetica.com.ar\/index.php\/wp-json\/wp\/v2\/media\/15258"}],"wp:attachment":[{"href":"https:\/\/eenergetica.com.ar\/index.php\/wp-json\/wp\/v2\/media?parent=15257"}],"wp:term":[{"taxonomy":"category","embeddable":true,"href":"https:\/\/eenergetica.com.ar\/index.php\/wp-json\/wp\/v2\/categories?post=15257"},{"taxonomy":"post_tag","embeddable":true,"href":"https:\/\/eenergetica.com.ar\/index.php\/wp-json\/wp\/v2\/tags?post=15257"}],"curies":[{"name":"wp","href":"https:\/\/api.w.org\/{rel}","templated":true}]}}