{"id":14965,"date":"2022-08-19T08:19:37","date_gmt":"2022-08-19T11:19:37","guid":{"rendered":"http:\/\/eenergetica.com.ar\/?p=14965"},"modified":"2022-08-19T08:19:37","modified_gmt":"2022-08-19T11:19:37","slug":"el-kirchnerista-walter-correa-asume-como-nuevo-ministro-de-trabajo-de-kicillof","status":"publish","type":"post","link":"https:\/\/eenergetica.com.ar\/index.php\/2022\/08\/19\/el-kirchnerista-walter-correa-asume-como-nuevo-ministro-de-trabajo-de-kicillof\/","title":{"rendered":"EL KIRCHNERISTA WALTER CORREA ASUME COMO NUEVO MINISTRO DE TRABAJO DE KICILLOF"},"content":{"rendered":"\n<p><strong>El gobernador de Buenos Aires, Axel Kicillof, design\u00f3 como nuevo ministro de Trabajo a Walter Correa, que reemplazar\u00e1 a Mara Ruiz Malec, quien deja el cargo para asumir otras responsabilidades en la AFIP.<\/strong><\/p>\n\n\n\n<p>&nbsp; &nbsp;Al inaugurar en Mar del Plata el Primer Congreso Bonaerense de Derecho del Trabajo, el mandatario provincial agradeci\u00f3 por su trabajo a Ruiz Malec y present\u00f3 a Correa, ya que el enroque se dar\u00e1 la pr\u00f3xima semana.<\/p>\n\n\n\n<p>&nbsp;&nbsp; El designado funcionario provincial es actualmente secretario general del Sindicato de Obreros Curtidores de la Rep\u00fablica Argentina (SOCRA) y un hombre cercano al diputado y l\u00edder de La C\u00e1mpora, M\u00e1ximo Kirchner.<\/p>\n\n\n\n<p>&nbsp;&nbsp; Fue uno de los dirigentes gremiales que el pasado 1 de agosto estuvieron reunidos con la vicepresidenta Cristina Kirchner, junto con el secretario general de la CGT y l\u00edder de Camioneros, Pablo Moyano, el titular de Canillitas, Omar Plaini, y el representante de SMATA Mario Manrique.<\/p>\n\n\n\n<p>&nbsp;&nbsp; De esta forma, Kicillof colocar\u00e1 en el Ministerio de Trabajo bonaerense a un dirigente sindical muy cercano al kirchnerismo.<\/p>\n\n\n\n<p>&nbsp;&nbsp; &#8220;La gesti\u00f3n de Mara Ruiz Malec es reconocida por todos y todas porque ha reconstruido la identidad y el protagonismo del Ministerio de Trabajo, con un amplio despliegue territorial y despu\u00e9s de una etapa en la que el organismo se dedicaba a perseguir a los representantes de las y los trabajadores&#8221;, se\u00f1al\u00f3 el gobernador.<\/p>\n\n\n\n<p>&nbsp;&nbsp; &#8220;Estamos convencidos de que para alcanzar un crecimiento sostenible y m\u00e1s justo, este tiene que ir desde abajo hacia arriba&#8221;, explic\u00f3 Kicillof y a\u00f1adi\u00f3: &#8220;Los temas que forman parte de este Congreso est\u00e1n muy presentes en la agenda actual, porque la crisis generada por la pandemia y la guerra en Europa ha dado lugar nuevamente a quienes dicen que la salida es quitando derechos laborales y sociales&#8221;.<\/p>\n","protected":false},"excerpt":{"rendered":"<p>El gobernador de Buenos Aires, Axel Kicillof, design\u00f3 como nuevo ministro de Trabajo a Walter Correa, que reemplazar\u00e1 a Mara Ruiz Malec, quien deja el cargo para asumir otras responsabilidades&hellip; <\/p>\n","protected":false},"author":2,"featured_media":14966,"comment_status":"closed","ping_status":"open","sticky":false,"template":"","format":"standard","meta":{"footnotes":""},"categories":[25],"tags":[],"class_list":["post-14965","post","type-post","status-publish","format-standard","has-post-thumbnail","hentry","category-gremial"],"_links":{"self":[{"href":"https:\/\/eenergetica.com.ar\/index.php\/wp-json\/wp\/v2\/posts\/14965","targetHints":{"allow":["GET"]}}],"collection":[{"href":"https:\/\/eenergetica.com.ar\/index.php\/wp-json\/wp\/v2\/posts"}],"about":[{"href":"https:\/\/eenergetica.com.ar\/index.php\/wp-json\/wp\/v2\/types\/post"}],"author":[{"embeddable":true,"href":"https:\/\/eenergetica.com.ar\/index.php\/wp-json\/wp\/v2\/users\/2"}],"replies":[{"embeddable":true,"href":"https:\/\/eenergetica.com.ar\/index.php\/wp-json\/wp\/v2\/comments?post=14965"}],"version-history":[{"count":1,"href":"https:\/\/eenergetica.com.ar\/index.php\/wp-json\/wp\/v2\/posts\/14965\/revisions"}],"predecessor-version":[{"id":14967,"href":"https:\/\/eenergetica.com.ar\/index.php\/wp-json\/wp\/v2\/posts\/14965\/revisions\/14967"}],"wp:featuredmedia":[{"embeddable":true,"href":"https:\/\/eenergetica.com.ar\/index.php\/wp-json\/wp\/v2\/media\/14966"}],"wp:attachment":[{"href":"https:\/\/eenergetica.com.ar\/index.php\/wp-json\/wp\/v2\/media?parent=14965"}],"wp:term":[{"taxonomy":"category","embeddable":true,"href":"https:\/\/eenergetica.com.ar\/index.php\/wp-json\/wp\/v2\/categories?post=14965"},{"taxonomy":"post_tag","embeddable":true,"href":"https:\/\/eenergetica.com.ar\/index.php\/wp-json\/wp\/v2\/tags?post=14965"}],"curies":[{"name":"wp","href":"https:\/\/api.w.org\/{rel}","templated":true}]}}