{"id":14896,"date":"2022-08-17T13:16:25","date_gmt":"2022-08-17T16:16:25","guid":{"rendered":"http:\/\/eenergetica.com.ar\/?p=14896"},"modified":"2022-08-17T13:16:26","modified_gmt":"2022-08-17T16:16:26","slug":"furlan-advirtio-que-si-se-otorga-un-aumento-por-decreto-y-lo-absorbe-a-la-paritaria-va-a-ser-un-problema-para-los-gremios","status":"publish","type":"post","link":"https:\/\/eenergetica.com.ar\/index.php\/2022\/08\/17\/furlan-advirtio-que-si-se-otorga-un-aumento-por-decreto-y-lo-absorbe-a-la-paritaria-va-a-ser-un-problema-para-los-gremios\/","title":{"rendered":"FURL\u00c1N ADVIRTI\u00d3 QUE SI SE OTORGA UN AUMENTO POR DECRETO Y LO ABSORBE A LA PARITARIA, &#8220;VA A SER UN PROBLEMA&#8221; PARA LOS GREMIOS"},"content":{"rendered":"\n<p><strong>El secretario general de la UOM, Abel Furl\u00e1n, plante\u00f3 que un eventual aumento salarial por decreto &#8220;no tiene que estar atado ni condicionado a ninguna discusi\u00f3n paritaria&#8221; porque sino ser\u00eda &#8220;una intromisi\u00f3n&#8221; y generar\u00eda &#8220;un problema&#8221; para los sindicatos.<\/strong><\/p>\n\n\n\n<p>&nbsp; &nbsp;&#8220;No estamos de acuerdo con que se d\u00e9 alg\u00fan incremento por decreto que tenga una cl\u00e1usula de absorci\u00f3n sobre la paritaria que nosotros discutimos. Si el Gobierno tiene pensado dar alg\u00fan incremento por decreto, lo haga en funci\u00f3n de recuperar el salario real y que no est\u00e9 atado ni condicionado a ninguna discusi\u00f3n paritaria&#8221;, sostuvo el referente sindical.<\/p>\n\n\n\n<p>&nbsp;&nbsp; En declaraciones radiales, el dirigente peronista destac\u00f3 que cualquier decisi\u00f3n en ese sentido no debe incluir &#8220;ni cl\u00e1usula de absorci\u00f3n, ni intromisi\u00f3n de la paritaria&#8221;.<\/p>\n\n\n\n<p>&nbsp;&nbsp; Y ahond\u00f3: &#8220;Si el aumento de suma fija va a estar condicionado a la paritaria, va a ser un problema para nosotros&#8221;.<\/p>\n\n\n\n<p>&nbsp;&nbsp; En cambio, Furl\u00e1n se\u00f1al\u00f3 que si la Casa Rosada avanza en un incremento salarial en esas condiciones que plantea para recuperar el salario real, &#8220;estar\u00eda siendo un aporte muy importante en la puja distributiva&#8221; y subray\u00f3: &#8220;Eso lo podemos ver con muy buenos ojos y lo podemos acompa\u00f1ar&#8221;.<\/p>\n\n\n\n<p>&nbsp;&nbsp; &#8220;Los sectores de la producci\u00f3n cada vez ganan m\u00e1s y s\u00f3lo los trabajadores est\u00e1n perdiendo. Tener al Gobierno de nuestro lado nos cae muy bien. El Gobierno sabe que vamos a defender las paritarias, que son la \u00fanica herramienta para sostener el poder adquisitivo del salario&#8221;, a\u00f1adi\u00f3.<\/p>\n\n\n\n<p>&nbsp;&nbsp; Por otra parte, el l\u00edder de la Uni\u00f3n Obrera Metal\u00fargica (UOM) ratific\u00f3 que la movilizaci\u00f3n de la CGT al Congreso fue convocada &#8220;contra los formadores de precios por el despojo que hacen permanentemente del poder adquisitivo de los trabajadores y los someten a situaciones tremendas, y tambi\u00e9n contra los sectores del poder que quieren desestabilizar al Gobierno pretendiendo llevar adelante una devaluaci\u00f3n&#8221;.<\/p>\n\n\n\n<p>&nbsp;&nbsp; &#8220;No podemos mirar para el costado cuando se somete a los trabajadores a situaciones indignas. Es muy cruel lo que est\u00e1 sucediendo en las g\u00f3ndolas con la canasta alimentaria&#8221;, concluy\u00f3.<\/p>\n","protected":false},"excerpt":{"rendered":"<p>El secretario general de la UOM, Abel Furl\u00e1n, plante\u00f3 que un eventual aumento salarial por decreto &#8220;no tiene que estar atado ni condicionado a ninguna discusi\u00f3n paritaria&#8221; porque sino ser\u00eda&hellip; <\/p>\n","protected":false},"author":2,"featured_media":14897,"comment_status":"closed","ping_status":"open","sticky":false,"template":"","format":"standard","meta":{"footnotes":""},"categories":[25],"tags":[26],"class_list":["post-14896","post","type-post","status-publish","format-standard","has-post-thumbnail","hentry","category-gremial","tag-destacada"],"_links":{"self":[{"href":"https:\/\/eenergetica.com.ar\/index.php\/wp-json\/wp\/v2\/posts\/14896","targetHints":{"allow":["GET"]}}],"collection":[{"href":"https:\/\/eenergetica.com.ar\/index.php\/wp-json\/wp\/v2\/posts"}],"about":[{"href":"https:\/\/eenergetica.com.ar\/index.php\/wp-json\/wp\/v2\/types\/post"}],"author":[{"embeddable":true,"href":"https:\/\/eenergetica.com.ar\/index.php\/wp-json\/wp\/v2\/users\/2"}],"replies":[{"embeddable":true,"href":"https:\/\/eenergetica.com.ar\/index.php\/wp-json\/wp\/v2\/comments?post=14896"}],"version-history":[{"count":1,"href":"https:\/\/eenergetica.com.ar\/index.php\/wp-json\/wp\/v2\/posts\/14896\/revisions"}],"predecessor-version":[{"id":14898,"href":"https:\/\/eenergetica.com.ar\/index.php\/wp-json\/wp\/v2\/posts\/14896\/revisions\/14898"}],"wp:featuredmedia":[{"embeddable":true,"href":"https:\/\/eenergetica.com.ar\/index.php\/wp-json\/wp\/v2\/media\/14897"}],"wp:attachment":[{"href":"https:\/\/eenergetica.com.ar\/index.php\/wp-json\/wp\/v2\/media?parent=14896"}],"wp:term":[{"taxonomy":"category","embeddable":true,"href":"https:\/\/eenergetica.com.ar\/index.php\/wp-json\/wp\/v2\/categories?post=14896"},{"taxonomy":"post_tag","embeddable":true,"href":"https:\/\/eenergetica.com.ar\/index.php\/wp-json\/wp\/v2\/tags?post=14896"}],"curies":[{"name":"wp","href":"https:\/\/api.w.org\/{rel}","templated":true}]}}