{"id":14893,"date":"2022-08-17T13:09:26","date_gmt":"2022-08-17T16:09:26","guid":{"rendered":"http:\/\/eenergetica.com.ar\/?p=14893"},"modified":"2022-08-17T13:09:27","modified_gmt":"2022-08-17T16:09:27","slug":"el-arco-politico-y-los-mensajes-en-homenaje-a-jose-de-san-martin","status":"publish","type":"post","link":"https:\/\/eenergetica.com.ar\/index.php\/2022\/08\/17\/el-arco-politico-y-los-mensajes-en-homenaje-a-jose-de-san-martin\/","title":{"rendered":"EL ARCO POL\u00cdTICO Y LOS MENSAJES EN HOMENAJE A JOS\u00c9 DE SAN MART\u00cdN"},"content":{"rendered":"\n<p><strong>A 172 a\u00f1os de la muerte del General Jos\u00e9 de San Mart\u00edn, funcionarios y dirigentes pol\u00edticos, entre ellos el presidente Alberto Fern\u00e1ndez, conmemoraron al Libertador de la Patria a trav\u00e9s de publicaciones en sus redes sociales.<\/strong><\/p>\n\n\n\n<p>&nbsp; &nbsp;&#8220;Con la uni\u00f3n de los pueblos como bandera, el General Don Jos\u00e9 de San Mart\u00edn nos ense\u00f1\u00f3 que el esfuerzo conjunto nos fortalece.<\/p>\n\n\n\n<p>&nbsp;&nbsp;Hoy vemos a nuestro pa\u00eds y a nuestra regi\u00f3n del mismo modo, convencidos de que la integraci\u00f3n latinoamericana es el mejor camino hacia el futuro&#8221;, expres\u00f3 el mandatario desde su cuenta de Twitter.<\/p>\n\n\n\n<p>&nbsp;&nbsp; El mensaje fue acompa\u00f1ado por un video que vislumbra las batallas de San Mart\u00edn y cuenta con un fragmento del discurso que pronunci\u00f3 Alberto Fern\u00e1ndez el 17 de agosto del a\u00f1o pasado.<\/p>\n\n\n\n<p>&nbsp;&nbsp; En la misma l\u00ednea se expres\u00f3 Sergio Massa, tras publicar un video con las m\u00e1ximas de San Mart\u00edn a su hija Mercedes, acompa\u00f1ado de fotograf\u00edas representativas de la Argentina.<\/p>\n\n\n\n<p>&nbsp;&nbsp; &#8220;#17deAgosto A 172 a\u00f1os del paso a la inmortalidad del Padre de la Patria Jos\u00e9 de San Mart\u00edn, los valores por los que vivi\u00f3 y luch\u00f3 siguen presentes en cada argentino y argentina. Nuestro deber es mantener vigente su legado, construyendo un Estado libre y soberano&#8221;, reza el mensaje que acompa\u00f1a el video.<\/p>\n\n\n\n<p>&nbsp;&nbsp; Por su lado, la presidenta de la C\u00e1mara de Diputados, Cecilia Moreau, se pleg\u00f3 tambi\u00e9n al homenaje y escribi\u00f3: &#8220;Mi objeto desde la revoluci\u00f3n no ha sido otro que el bien y la felicidad de nuestra Patria. A 172 a\u00f1os del paso a la inmortalidad de Jos\u00e9 de San Mart\u00edn, honramos su memoria, sus ideas y sus sue\u00f1os de libertad. #17deAgosto #SanMartin&#8221;.<\/p>\n\n\n\n<p>&nbsp;&nbsp; El jefe de Gobierno porte\u00f1o, Horacio Rodr\u00edguez Larreta, comparti\u00f3 un hilo en conmemoraci\u00f3n al Libertador de la Argentina, a quien defini\u00f3 como &#8220;uno de los m\u00e1ximos orgullos nacionales&#8221;.<\/p>\n\n\n\n<p>&nbsp;&nbsp; &#8220;Hoy recordamos al Padre de la Patria, Libertador de Am\u00e9rica, General Don Jos\u00e9 de San Mart\u00edn. Uno de los m\u00e1ximos orgullos nacionales que puso en juego todo por la Argentina y por la libertad del continente. Una vida de entrega, sacrificio y humildad&#8221;, subray\u00f3.<\/p>\n\n\n\n<p>&nbsp;&nbsp; Asimismo, agreg\u00f3: &#8220;En tiempos en los que algunos usan causas nobles para los peores fines, San Mart\u00edn es un verdadero modelo de conducta y sacrificio. Uno de los grandes h\u00e9roes patrios porque dio mucho m\u00e1s de lo que recibi\u00f3&#8221;.<\/p>\n\n\n\n<p>&nbsp;&nbsp; El diputado de Juntos por el Cambio Rogelio Frigerio sum\u00f3 su aporte y se\u00f1al\u00f3: &#8220;Este #17deAgosto recordamos con orgullo la grandeza, compromiso, valent\u00eda y coraje con el que luch\u00f3 el General Jos\u00e9 de San Mart\u00edn, junto a sus tropas, para hacer de nuestro pa\u00eds un lugar libre e independiente&#8221;.<\/p>\n\n\n\n<p>&nbsp;&nbsp; Con un peculiar mensaje, Myriam Bregman recuper\u00f3 la figura del pr\u00f3cer de la historia para cuestionar el acuerdo del Gobierno con el Fondo Monetario Internacional (FMI).<\/p>\n\n\n\n<p>&nbsp;&nbsp; &#8220;Veo que este #17deAgosto hablan mucho de San Mart\u00edn los que nos atan al FMI. Parece que no saben lo que \u00e9l opinaba de las deudas odiosas&#8230; #SanMartin&#8221;, expres\u00f3.<\/p>\n","protected":false},"excerpt":{"rendered":"<p>A 172 a\u00f1os de la muerte del General Jos\u00e9 de San Mart\u00edn, funcionarios y dirigentes pol\u00edticos, entre ellos el presidente Alberto Fern\u00e1ndez, conmemoraron al Libertador de la Patria a trav\u00e9s&hellip; <\/p>\n","protected":false},"author":2,"featured_media":14894,"comment_status":"closed","ping_status":"open","sticky":false,"template":"","format":"standard","meta":{"footnotes":""},"categories":[20],"tags":[],"class_list":["post-14893","post","type-post","status-publish","format-standard","has-post-thumbnail","hentry","category-politica"],"_links":{"self":[{"href":"https:\/\/eenergetica.com.ar\/index.php\/wp-json\/wp\/v2\/posts\/14893","targetHints":{"allow":["GET"]}}],"collection":[{"href":"https:\/\/eenergetica.com.ar\/index.php\/wp-json\/wp\/v2\/posts"}],"about":[{"href":"https:\/\/eenergetica.com.ar\/index.php\/wp-json\/wp\/v2\/types\/post"}],"author":[{"embeddable":true,"href":"https:\/\/eenergetica.com.ar\/index.php\/wp-json\/wp\/v2\/users\/2"}],"replies":[{"embeddable":true,"href":"https:\/\/eenergetica.com.ar\/index.php\/wp-json\/wp\/v2\/comments?post=14893"}],"version-history":[{"count":1,"href":"https:\/\/eenergetica.com.ar\/index.php\/wp-json\/wp\/v2\/posts\/14893\/revisions"}],"predecessor-version":[{"id":14895,"href":"https:\/\/eenergetica.com.ar\/index.php\/wp-json\/wp\/v2\/posts\/14893\/revisions\/14895"}],"wp:featuredmedia":[{"embeddable":true,"href":"https:\/\/eenergetica.com.ar\/index.php\/wp-json\/wp\/v2\/media\/14894"}],"wp:attachment":[{"href":"https:\/\/eenergetica.com.ar\/index.php\/wp-json\/wp\/v2\/media?parent=14893"}],"wp:term":[{"taxonomy":"category","embeddable":true,"href":"https:\/\/eenergetica.com.ar\/index.php\/wp-json\/wp\/v2\/categories?post=14893"},{"taxonomy":"post_tag","embeddable":true,"href":"https:\/\/eenergetica.com.ar\/index.php\/wp-json\/wp\/v2\/tags?post=14893"}],"curies":[{"name":"wp","href":"https:\/\/api.w.org\/{rel}","templated":true}]}}