{"id":14787,"date":"2022-08-12T08:58:34","date_gmt":"2022-08-12T11:58:34","guid":{"rendered":"http:\/\/eenergetica.com.ar\/?p=14787"},"modified":"2022-08-12T08:58:35","modified_gmt":"2022-08-12T11:58:35","slug":"el-papa-recibio-a-sindicalistas-del-transporte-entre-ellos-pablo-moyano-durante-una-jornada-mundial-del-sector","status":"publish","type":"post","link":"https:\/\/eenergetica.com.ar\/index.php\/2022\/08\/12\/el-papa-recibio-a-sindicalistas-del-transporte-entre-ellos-pablo-moyano-durante-una-jornada-mundial-del-sector\/","title":{"rendered":"EL PAPA RECIBI\u00d3 A SINDICALISTAS DEL TRANSPORTE, ENTRE ELLOS PABLO MOYANO, DURANTE UNA JORNADA MUNDIAL DEL SECTOR"},"content":{"rendered":"\n<p><strong>El papa Francisco recibi\u00f3 hoy en el Vaticano a dirigentes sindicales de la Confederaci\u00f3n Argentina de Trabajadores del Transporte (CATT) y de la Federaci\u00f3n Internacional del sector (ITF), luego de participar de una jornada global de trabajo, entre los que estuvieron los l\u00edderes de Camioneros, Pablo Moyano; de Aeronavegantes, Juan Pablo Brey; y de Bancarios, Sergio Sasia, entre otros.<\/strong><\/p>\n\n\n\n<p>&nbsp; &nbsp;La misma estuvo organizada por la ITF y la Academia Pontificia de Ciencias y el objetivo de debatir la problem\u00e1tica del transporte mundial, las condiciones laborales, la lucha contra la trata de personas y el cambio clim\u00e1tico, entre otros temas.<\/p>\n\n\n\n<p>&nbsp;&nbsp; Este mi\u00e9rcoles fueron recibidos por el Sumo Pont\u00edfice en una audiencia abierta.<\/p>\n\n\n\n<p>&nbsp;&nbsp; &#8220;En la audiencia p\u00fablica del d\u00eda de hoy el Papa Francisco recibi\u00f3 a Pablo Moyano y a la delegaci\u00f3n del transporte de la ITF.<\/p>\n\n\n\n<p>&nbsp;&nbsp;Esta tuvo el encuentro de Trabajo Mundial del Transporte en la Academia Pontificia de Ciencias.<\/p>\n\n\n\n<p>&nbsp;&nbsp;@Pontifex_es&#8221;, escribi\u00f3 el gremio de Camioneros en su cuenta de Twitter.<br>&nbsp;&nbsp; La delegaci\u00f3n de la CATT, que encabeza Sergio Sasia (Uni\u00f3n Ferroviaria), est\u00e1 integrada por Pablo Moyano (Camioneros), Juan Pablo Brey y Horacio Calculli (Aeronavegantes), Ra\u00fal Durdos (SOMU), Graciela Ale\u00f1a (Viales), Jorge Garc\u00eda (Taxistas), Emiliano Gramajo (Aoita) y Marcos Castro (Capitanes de Ultramar) y fue liderada por el titular de la ITF, Stephen Cotton.<\/p>\n\n\n\n<p>&nbsp; &nbsp;&#8220;Nos encontramos representando a la #CATT (@CATT_Prensa) en la reuni\u00f3n entre la Federaci\u00f3n Internacional de los Trabajadores del Transporte (@ITF_Americas) y la Academia Pontificia de las Ciencias del #Vaticano (@CasinaPioIV)&#8221;, escribi\u00f3 Sasia en su cuenta de Twitter.<\/p>\n\n\n\n<p>&nbsp; &nbsp;Y agreg\u00f3: &#8220;En mi condici\u00f3n de Sec. Gral. de la #CATT, estuve acompa\u00f1ado por el Sec. Gral. de la #CGT, Cro. Pablo Moyano, los Cros. Juan Pablo Brey, Marcos Castro, Ra\u00fal Durdos, Emiliano Gramajo, Jos\u00e9 Luis Garc\u00eda y la Cra. Graciela Ale\u00f1\u00e1 @pablomoyano_ok @JuanPabloBrey @emigramajo @Gracielastv&#8221;.<\/p>\n\n\n\n<p>&nbsp; &nbsp;La ITF representa a m\u00e1s de 18 millones de trabajadores de 670 gremios en 150 pa\u00edses, seg\u00fan detallaron Moyano y el secretario Regional de la ITF Am\u00e9ricas, Edgar D\u00edaz.<\/p>\n","protected":false},"excerpt":{"rendered":"<p>El papa Francisco recibi\u00f3 hoy en el Vaticano a dirigentes sindicales de la Confederaci\u00f3n Argentina de Trabajadores del Transporte (CATT) y de la Federaci\u00f3n Internacional del sector (ITF), luego de&hellip; <\/p>\n","protected":false},"author":2,"featured_media":14788,"comment_status":"closed","ping_status":"open","sticky":false,"template":"","format":"standard","meta":{"footnotes":""},"categories":[25],"tags":[26],"class_list":["post-14787","post","type-post","status-publish","format-standard","has-post-thumbnail","hentry","category-gremial","tag-destacada"],"_links":{"self":[{"href":"https:\/\/eenergetica.com.ar\/index.php\/wp-json\/wp\/v2\/posts\/14787","targetHints":{"allow":["GET"]}}],"collection":[{"href":"https:\/\/eenergetica.com.ar\/index.php\/wp-json\/wp\/v2\/posts"}],"about":[{"href":"https:\/\/eenergetica.com.ar\/index.php\/wp-json\/wp\/v2\/types\/post"}],"author":[{"embeddable":true,"href":"https:\/\/eenergetica.com.ar\/index.php\/wp-json\/wp\/v2\/users\/2"}],"replies":[{"embeddable":true,"href":"https:\/\/eenergetica.com.ar\/index.php\/wp-json\/wp\/v2\/comments?post=14787"}],"version-history":[{"count":1,"href":"https:\/\/eenergetica.com.ar\/index.php\/wp-json\/wp\/v2\/posts\/14787\/revisions"}],"predecessor-version":[{"id":14789,"href":"https:\/\/eenergetica.com.ar\/index.php\/wp-json\/wp\/v2\/posts\/14787\/revisions\/14789"}],"wp:featuredmedia":[{"embeddable":true,"href":"https:\/\/eenergetica.com.ar\/index.php\/wp-json\/wp\/v2\/media\/14788"}],"wp:attachment":[{"href":"https:\/\/eenergetica.com.ar\/index.php\/wp-json\/wp\/v2\/media?parent=14787"}],"wp:term":[{"taxonomy":"category","embeddable":true,"href":"https:\/\/eenergetica.com.ar\/index.php\/wp-json\/wp\/v2\/categories?post=14787"},{"taxonomy":"post_tag","embeddable":true,"href":"https:\/\/eenergetica.com.ar\/index.php\/wp-json\/wp\/v2\/tags?post=14787"}],"curies":[{"name":"wp","href":"https:\/\/api.w.org\/{rel}","templated":true}]}}