{"id":14778,"date":"2022-08-12T08:40:08","date_gmt":"2022-08-12T11:40:08","guid":{"rendered":"http:\/\/eenergetica.com.ar\/?p=14778"},"modified":"2022-08-12T08:40:08","modified_gmt":"2022-08-12T11:40:08","slug":"la-justicia-argentina-ordeno-incautar-el-avion-venezolano-irani-retenido-en-ezeiza-a-pedido-de-eeuu-y-el-fbi-lo-allano","status":"publish","type":"post","link":"https:\/\/eenergetica.com.ar\/index.php\/2022\/08\/12\/la-justicia-argentina-ordeno-incautar-el-avion-venezolano-irani-retenido-en-ezeiza-a-pedido-de-eeuu-y-el-fbi-lo-allano\/","title":{"rendered":"LA JUSTICIA ARGENTINA ORDEN\u00d3 INCAUTAR EL AVI\u00d3N VENEZOLANO-IRAN\u00cd RETENIDO EN EZEIZA, A PEDIDO DE EEUU Y EL FBI LO ALLAN\u00d3"},"content":{"rendered":"\n<p><strong>La Justicia argentina orden\u00f3 hoy incautar el avi\u00f3n venezolano-iran\u00ed, retenido en el Aeropuerto Internacional de Ezeiza desde junio, a pedido de los Estados Unidos, que sospecha que la aeronave pudo ser parte de operaciones vinculadas al terrorismo, al tiempo que posteriormente, el FBI la allan\u00f3.<\/strong><\/p>\n\n\n\n<p>&nbsp; &nbsp;As\u00ed lo informaron fuentes oficiales a NA, que remarcaron que del operativo tambi\u00e9n particip\u00f3 la Polic\u00eda de Seguridad Aeroportuaria (PSA) como fuerza auxiliar por tener jurisdicci\u00f3n en el lugar.<\/p>\n\n\n\n<p>&nbsp;&nbsp; El caso gener\u00f3 tensi\u00f3n entre Venezuela y Argentina, que por la ma\u00f1ana intent\u00f3 bajar el tenor de la disputa aclarando que no hab\u00eda ning\u00fan &#8220;incidente diplom\u00e1tico&#8221;.<\/p>\n\n\n\n<p>&nbsp;&nbsp; Sin embargo, el juez federal Federico Villena orden\u00f3 luego la incautaci\u00f3n del avi\u00f3n a pedido de la Justicia de Estados Unidos, pese a las airadas quejas del Gobierno de Nicol\u00e1s Maduro.<\/p>\n\n\n\n<p>&nbsp;&nbsp; El avi\u00f3n que la compa\u00f1\u00eda iran\u00ed Mahan Air hab\u00eda vendido a la aerol\u00ednea venezolana de transporte Emtrasur fue inmovilizado en junio por funcionarios argentinos, bajo sospechas de terrorismo.<\/p>\n\n\n\n<p>&nbsp;&nbsp; El Boeing 747 contaba con una tripulaci\u00f3n de 14 venezolanos y cinco iran\u00edes al momento del arribo a Buenos Aires.<\/p>\n\n\n\n<p>&nbsp;&nbsp; El avi\u00f3n fue inspeccionado en la tarde del jueves por agentes estadounidenses del FBI y la PSA acompa\u00f1\u00f3 el operativo, seg\u00fan pudo averiguar Noticias Argentinas.<br>&nbsp;&nbsp; .<br>&nbsp;&nbsp; La tensi\u00f3n entre Venezuela y Argentina.<br>&nbsp;&nbsp;.<br>&nbsp;&nbsp; En una escalada diplom\u00e1tica, el diputado venezolano Pedro Carre\u00f1o dijo en los \u00faltimos d\u00edas que el presidente Alberto Fern\u00e1ndez, deb\u00eda demostrar si era un &#8220;t\u00edtere&#8221; y un &#8220;pelele&#8221; del &#8220;imperialismo&#8221; o Estados Unidos en el caso del avi\u00f3n, que dijo que deb\u00eda ser devuelto a Caracas.<\/p>\n\n\n\n<p>&nbsp;&nbsp; La portavoz presidencial, Gabriela Cerruti, busc\u00f3 el jueves minimizar el entredicho al se\u00f1alar que las declaraciones de los representantes del pa\u00eds caribe\u00f1o eran &#8220;expresiones de diferentes actores de la vida venezolana&#8221; que no implican &#8220;un incidente diplom\u00e1tico&#8221;.<\/p>\n\n\n\n<p>&nbsp;&nbsp; Luego, el ministro de Transporte, Ram\u00f3n Vel\u00e1squez Araguay\u00e1n, y un grupo de diputados venezolanos se reunieron en la sede diplom\u00e1tica con el embajador argentino, \u00d3scar Laborde, para entregar un comunicado en el que los trabajadores de la aerol\u00ednea manifestaban su deseo de que la tripulaci\u00f3n y la aeronave retornaran a su pa\u00eds.<\/p>\n\n\n\n<p>&nbsp;&nbsp; A su vez, el martes, el presidente de la Asamblea Nacional de Venezuela, Jorge Rodr\u00edguez, se insolent\u00f3 con el sistema judicial de Argentina al llamar &#8220;ladrona&#8221; a la fiscal asignada al caso de un avi\u00f3n de carga venezolano retenido por las autoridades del pa\u00eds.<\/p>\n\n\n\n<p>&nbsp;&nbsp; &#8220;Esos ladrones, esa ladrona&#8230; Y me refiero a la ladrona, a la fiscal Cecilia Incardona, que por cierto el d\u00eda que firma el adefesio (de la decisi\u00f3n) visit\u00f3 la embajada de Estados Unidos&#8221;, dijo Rodr\u00edguez&nbsp;en una sesi\u00f3n.<\/p>\n\n\n\n<figure class=\"wp-block-table\"><table><tbody><tr><td><\/td><\/tr><\/tbody><\/table><\/figure>\n","protected":false},"excerpt":{"rendered":"<p>La Justicia argentina orden\u00f3 hoy incautar el avi\u00f3n venezolano-iran\u00ed, retenido en el Aeropuerto Internacional de Ezeiza desde junio, a pedido de los Estados Unidos, que sospecha que la aeronave pudo&hellip; <\/p>\n","protected":false},"author":2,"featured_media":14779,"comment_status":"closed","ping_status":"open","sticky":false,"template":"","format":"standard","meta":{"footnotes":""},"categories":[20],"tags":[],"class_list":["post-14778","post","type-post","status-publish","format-standard","has-post-thumbnail","hentry","category-politica"],"_links":{"self":[{"href":"https:\/\/eenergetica.com.ar\/index.php\/wp-json\/wp\/v2\/posts\/14778","targetHints":{"allow":["GET"]}}],"collection":[{"href":"https:\/\/eenergetica.com.ar\/index.php\/wp-json\/wp\/v2\/posts"}],"about":[{"href":"https:\/\/eenergetica.com.ar\/index.php\/wp-json\/wp\/v2\/types\/post"}],"author":[{"embeddable":true,"href":"https:\/\/eenergetica.com.ar\/index.php\/wp-json\/wp\/v2\/users\/2"}],"replies":[{"embeddable":true,"href":"https:\/\/eenergetica.com.ar\/index.php\/wp-json\/wp\/v2\/comments?post=14778"}],"version-history":[{"count":1,"href":"https:\/\/eenergetica.com.ar\/index.php\/wp-json\/wp\/v2\/posts\/14778\/revisions"}],"predecessor-version":[{"id":14780,"href":"https:\/\/eenergetica.com.ar\/index.php\/wp-json\/wp\/v2\/posts\/14778\/revisions\/14780"}],"wp:featuredmedia":[{"embeddable":true,"href":"https:\/\/eenergetica.com.ar\/index.php\/wp-json\/wp\/v2\/media\/14779"}],"wp:attachment":[{"href":"https:\/\/eenergetica.com.ar\/index.php\/wp-json\/wp\/v2\/media?parent=14778"}],"wp:term":[{"taxonomy":"category","embeddable":true,"href":"https:\/\/eenergetica.com.ar\/index.php\/wp-json\/wp\/v2\/categories?post=14778"},{"taxonomy":"post_tag","embeddable":true,"href":"https:\/\/eenergetica.com.ar\/index.php\/wp-json\/wp\/v2\/tags?post=14778"}],"curies":[{"name":"wp","href":"https:\/\/api.w.org\/{rel}","templated":true}]}}