{"id":14775,"date":"2022-08-12T08:36:17","date_gmt":"2022-08-12T11:36:17","guid":{"rendered":"http:\/\/eenergetica.com.ar\/?p=14775"},"modified":"2022-08-12T08:36:18","modified_gmt":"2022-08-12T11:36:18","slug":"mientras-la-oposicion-pide-bajar-el-gasto-publico-el-gobierno-anuncia-la-entrega-de-la-pension-por-invalidez-200-000","status":"publish","type":"post","link":"https:\/\/eenergetica.com.ar\/index.php\/2022\/08\/12\/mientras-la-oposicion-pide-bajar-el-gasto-publico-el-gobierno-anuncia-la-entrega-de-la-pension-por-invalidez-200-000\/","title":{"rendered":"MIENTRAS LA OPOSICI\u00d3N PIDE &#8220;BAJAR EL GASTO P\u00daBLICO&#8221;, EL GOBIERNO ANUNCIA LA ENTREGA DE LA PENSI\u00d3N POR INVALIDEZ 200.000"},"content":{"rendered":"\n<p><strong>Mientras la oposici\u00f3n pide &#8220;bajar el gasto p\u00fablico&#8221;, el presidente Alberto Fern\u00e1ndez anunciar\u00e1 hoy la entrega de la pensi\u00f3n no contributiva a personas con discapacidad n\u00famero 200.000.<\/strong><\/p>\n\n\n\n<p>&nbsp; &nbsp;El acto, que est\u00e1 previsto para las 11 en la sede de la Agencia Nacional de Discapacidad (ANDIS), contar\u00e1 con la presencia del director ejecutivo del organismo, Fernando Galarraga, quien en las \u00faltimas horas sali\u00f3 a responderle al ex ministro de Hacienda del gobierno de Mauricio Macri, Nicol\u00e1s Dujovne, por afirmar que la mayor\u00eda de las pensiones por invalidez &#8220;son truchas&#8221;.<\/p>\n\n\n\n<p>&nbsp;&nbsp; El anuncio, en el que tambi\u00e9n se realizar\u00e1 el lanzamiento de la convocatoria 2022 del plan ACCESAR que apunta a fortalecer la inclusi\u00f3n de las personas con discapacidad, estar\u00e1 atravesado por las controvertidas declaraciones que realiz\u00f3 el ex funcionario.<\/p>\n\n\n\n<p>&nbsp;&nbsp; Durante una entrevista televisiva, el ex funcionario de la gesti\u00f3n de Cambiemos critic\u00f3 al Gobierno por &#8220;no haber seguido con el programa&#8221; de pol\u00edticas econ\u00f3micas que llev\u00f3 adelante la administraci\u00f3n de Macri y destac\u00f3 la necesidad de &#8220;bajar el gasto p\u00fablico&#8221; en la Argentina.<\/p>\n\n\n\n<p>&nbsp;&nbsp; En ese marco, Galarraga recogi\u00f3 el guante y afirm\u00f3 que Dujovne &#8220;miente sobre las pensiones y deja en claro que el macrismo quiere recortar sin importar la vida de la gente&#8221;.<\/p>\n\n\n\n<p>&nbsp;&nbsp; &#8220;Dujovne habla desde la desinformaci\u00f3n y el prejuicio, las personas con discapacidad est\u00e1n fuera del mercado laboral, 8 de cada 10 no trabaja y eso demanda que el Estado acompa\u00f1e&#8221;, dispar\u00f3 el titular de la ANDIS en declaraciones radiales.<\/p>\n\n\n\n<p>&nbsp;&nbsp; Y complet\u00f3: &#8220;Las iniciativas en este sector son pol\u00edticas p\u00fablicas que acompa\u00f1an a sectores vulnerables. Nosotros no queremos entregar pensiones, queremos que las personas con discapacidad trabajen y para eso hay que derribar barreras y generar pol\u00edticas que promuevan la inclusi\u00f3n laboral&#8221;.<\/p>\n","protected":false},"excerpt":{"rendered":"<p>Mientras la oposici\u00f3n pide &#8220;bajar el gasto p\u00fablico&#8221;, el presidente Alberto Fern\u00e1ndez anunciar\u00e1 hoy la entrega de la pensi\u00f3n no contributiva a personas con discapacidad n\u00famero 200.000. &nbsp; &nbsp;El acto,&hellip; <\/p>\n","protected":false},"author":2,"featured_media":14776,"comment_status":"closed","ping_status":"open","sticky":false,"template":"","format":"standard","meta":{"footnotes":""},"categories":[20],"tags":[],"class_list":["post-14775","post","type-post","status-publish","format-standard","has-post-thumbnail","hentry","category-politica"],"_links":{"self":[{"href":"https:\/\/eenergetica.com.ar\/index.php\/wp-json\/wp\/v2\/posts\/14775","targetHints":{"allow":["GET"]}}],"collection":[{"href":"https:\/\/eenergetica.com.ar\/index.php\/wp-json\/wp\/v2\/posts"}],"about":[{"href":"https:\/\/eenergetica.com.ar\/index.php\/wp-json\/wp\/v2\/types\/post"}],"author":[{"embeddable":true,"href":"https:\/\/eenergetica.com.ar\/index.php\/wp-json\/wp\/v2\/users\/2"}],"replies":[{"embeddable":true,"href":"https:\/\/eenergetica.com.ar\/index.php\/wp-json\/wp\/v2\/comments?post=14775"}],"version-history":[{"count":1,"href":"https:\/\/eenergetica.com.ar\/index.php\/wp-json\/wp\/v2\/posts\/14775\/revisions"}],"predecessor-version":[{"id":14777,"href":"https:\/\/eenergetica.com.ar\/index.php\/wp-json\/wp\/v2\/posts\/14775\/revisions\/14777"}],"wp:featuredmedia":[{"embeddable":true,"href":"https:\/\/eenergetica.com.ar\/index.php\/wp-json\/wp\/v2\/media\/14776"}],"wp:attachment":[{"href":"https:\/\/eenergetica.com.ar\/index.php\/wp-json\/wp\/v2\/media?parent=14775"}],"wp:term":[{"taxonomy":"category","embeddable":true,"href":"https:\/\/eenergetica.com.ar\/index.php\/wp-json\/wp\/v2\/categories?post=14775"},{"taxonomy":"post_tag","embeddable":true,"href":"https:\/\/eenergetica.com.ar\/index.php\/wp-json\/wp\/v2\/tags?post=14775"}],"curies":[{"name":"wp","href":"https:\/\/api.w.org\/{rel}","templated":true}]}}