{"id":14772,"date":"2022-08-12T08:33:15","date_gmt":"2022-08-12T11:33:15","guid":{"rendered":"http:\/\/eenergetica.com.ar\/?p=14772"},"modified":"2022-08-12T08:33:16","modified_gmt":"2022-08-12T11:33:16","slug":"nicolas-pachelo-no-voy-a-formar-parte-del-show-de-los-garcia-belsunce","status":"publish","type":"post","link":"https:\/\/eenergetica.com.ar\/index.php\/2022\/08\/12\/nicolas-pachelo-no-voy-a-formar-parte-del-show-de-los-garcia-belsunce\/","title":{"rendered":"NICOL\u00c1S PACHELO: &#8220;NO VOY A FORMAR PARTE DEL SHOW DE LOS GARC\u00cdA BELSUNCE&#8221;"},"content":{"rendered":"\n<p><strong>Nicol\u00e1s Pachelo, quien est\u00e1 acusado de ser coautor del crimen de Mar\u00eda Marta Garc\u00eda Belsunce, asegur\u00f3 que &#8220;no&#8221; va a &#8220;formar parte del show&#8221; de la familia de la mujer que fue asesinada en octubre de 2002 en el country Carmel.<\/strong><\/p>\n\n\n\n<p>&nbsp; &nbsp;&#8220;Yo no voy a formar parte del show de los Garc\u00eda Belsunce que me acusan (del crimen) y se sientan ac\u00e1 a insultar fiscales&#8221;, se\u00f1al\u00f3 Pachelo, quien se decidi\u00f3 a hablar frente a las c\u00e1maras, pero sin dejar de lado su costado desafiante.<\/p>\n\n\n\n<p>&nbsp;&nbsp; El cambio en la estrategia de defensa de Pachelo se debe a la sugerencia de su abogada Raquel P\u00e9rez Iglesias, que se sum\u00f3 a su defensa durante el juicio por el crimen de Mar\u00eda Marta Garc\u00eda Belsunce.<\/p>\n\n\n\n<p>&nbsp;&nbsp; Del personaje evasivo y reacio a los medios, una postura que cultiv\u00f3 durante casi dos d\u00e9cadas, Pachelo se lanz\u00f3 a hablar tanto en la sala de audiencias como con los periodistas.<\/p>\n\n\n\n<p>&nbsp;&nbsp; Frente a los fiscales y los jueces ya se anim\u00f3 cuatro veces, la \u00faltima fue este mi\u00e9rcoles cuando, por primera vez, amag\u00f3 con responder preguntas de la parte acusatoria: le concedi\u00f3 una al abogado querellante Gustavo Hechem y, cuando \u00e9ste se la hizo, respondi\u00f3 con una chicana que eso ya lo hab\u00eda contestado: &#8220;Chau, perdi\u00f3&#8221;.<\/p>\n\n\n\n<p>&nbsp;&nbsp; Con los periodistas, en tanto, primero brind\u00f3 un par de entrevistas telef\u00f3nicas desde la c\u00e1rcel y ahora lo hizo frente a las c\u00e1maras, aunque con algunas condiciones como por ejemplo la duraci\u00f3n y la forma. Pareciera que hay algo que Pachelo no puede cambiar y eso es tener el control de la situaci\u00f3n.<\/p>\n\n\n\n<p>&nbsp;&nbsp; En los poco m\u00e1s de siete minutos que estuvo parado frente a las c\u00e1maras con su abogada al lado acotando cada vez que lo crey\u00f3 necesario, Pachelo se defendi\u00f3: &#8220;No hay ninguna prueba que me incrimine, no se me sit\u00faa en la escena del crimen y ni siquiera se me sit\u00faa en la puerta (de la casa de la v\u00edctima)&#8221;, asegur\u00f3.<\/p>\n\n\n\n<p>&nbsp;&nbsp; Con un gesto serio y una actitud un tanto desafiante, el ex vecino problem\u00e1tico de El Carmel -siempre bajo sospecha por robar desde palos de golf hasta computadoras- eludi\u00f3 las preguntas como lo hizo durante los \u00faltimos 20 a\u00f1os.<\/p>\n\n\n\n<p>&nbsp;&nbsp; &#8220;No soy muy partidario de hablar con ustedes. Lo saben bien. De ac\u00e1 me han llamado todos mil veces. No me gusta mucho lo medi\u00e1tico. El tema es que yo ac\u00e1 no tengo el beneficio del alegato leyendo papeles como si tienen la fiscal\u00eda y la defensa. Entonces yo no me puedo acordar un juicio de tres o cuatro meses de duraci\u00f3n con ciento y pico de testigos, con lo que dijo el primer testigo la primera audiencia\u2026 al principio yo no iba a decir nada, pero despu\u00e9s me pareci\u00f3 prudente empezar a contestar&#8221;, esboz\u00f3.<\/p>\n\n\n\n<p>&nbsp;&nbsp; Pachelo se quej\u00f3: &#8220;De las acusaciones de amenazas sin denuncias penales, de los dichos de dichos de dichos, de la versi\u00f3n del perro (que le robaron a Mar\u00eda Marta), que ya escuch\u00e9 cuatro distintas, de cuatro personas que se sentaron bajo juramento, porque se le est\u00e1 dando una entidad al perro que carece de seriedad&#8221;.<\/p>\n\n\n\n<p>&nbsp;&nbsp; &#8220;Hay cosas que tengo que empezar a contestar porque sino la fiscal\u00eda tira titulares a los medios y la gente lee lo que la fiscal\u00eda quiere que lea&#8221;, a\u00f1adi\u00f3.<br>&nbsp;&nbsp; Adem\u00e1s, evit\u00f3 explayarse sobre lo que hizo aqu\u00e9l 27 de octubre de 2002, el d\u00eda que Mar\u00eda Marta fue asesinada, tal vez para no volver a contradecirse como lo hizo en sus declaraciones como testigo, entre diciembre de 2002 y febrero de 2003 (durante la cuestionada instrucci\u00f3n que llev\u00f3 adelante el fiscal Diego Molina Pico), y la indagatoria que le realiz\u00f3 el fiscal Andr\u00e9s Quintana en 2019.<br>&nbsp;&nbsp; Cuando las preguntas de los periodistas apuntaron a los tres testigos que lo ubican cerca de la casa de Mar\u00eda Marta minutos antes de que se cometiera el crimen decidi\u00f3 terminar la entrevista abruptamente. Un Pachelo en estado puro.<br>.<br>Un personaje oscuro.<br>.<br>A nadie le llama la atenci\u00f3n la ausencia de su familia o amigos en la sala en las audiencias. Sus hermanos no quieren saber nada de \u00e9l desde hace a\u00f1os, sus hijos tampoco y mucho menos su ex esposa, In\u00e9s D\u00e1valos. Solo su incondicional abogado Roberto Ribas, quien asumi\u00f3 una especie de tutela desde que se suicid\u00f3 su padre, Roberto Pachelo, no se despega de su lado en ning\u00fan momento.<br>&nbsp;&nbsp; Pero los a\u00f1os de esplendor de Ribas, en los que pr\u00e1cticamente oficiaba de vocero de Molina Pico, parecen haber quedado atr\u00e1s y ahora tuvo que sumar a la defensa a P\u00e9rez Iglesias y a Marcelo Rodr\u00edguez Jordan para resistir el embate del Ministerio P\u00fablico Fiscal.<br>&nbsp;&nbsp; Es que el procesamiento y elevaci\u00f3n a juicio sac\u00f3 a Pachelo de ese limbo en el que se mantuvo durante a\u00f1os: acusado por los acusados y protegido por Molina Pico, una especie de testigo sospechoso cuyo rol en el caso nunca se termin\u00f3 de aclarar\u2026 al menos hasta ahora.<br>&nbsp;&nbsp; En este juicio tambi\u00e9n se est\u00e1n ventilando los asuntos de familia de un hombre con un historial problem\u00e1tico con un abanico de antecedentes penales. Dijeron que le quem\u00f3 la cuna al hermano, que le rob\u00f3 la moto a un amigo, que le prendi\u00f3 fuego la casa a otro hermano, que amenaz\u00f3 de muerte a un vendedor de autos y hasta pusieron en duda su rol en el suicidio de su padre. Adem\u00e1s, se exponen detalles de otros m\u00faltiples robos a casas en countries y la venta de drogas en fiestas vip (por este \u00faltimo delito ya fue condenado a una pena menor).<br>&nbsp;&nbsp; Pachelo tiene la convicci\u00f3n de que las pruebas en su contra no son concluyentes: nunca se encontr\u00f3 el arma asesina y tampoco lo pueden ubicar en la escena del crimen. Pero hay muchos indicios testimonios que s\u00ed lo complican, seg\u00fan sostienen los fiscales.<br>&nbsp;&nbsp; El primero es que su coartada se desmoron\u00f3 y a la hora que mataron a Mar\u00eda Marta, alrededor de las 18:30 de acuerdo con la pericia que benefici\u00f3 a Carlos Carrascosa, \u00e9l todav\u00eda estaba adentro del country Carmel.<br>&nbsp;&nbsp; El otro es que, a diferencia del viudo, \u00e9l s\u00ed habr\u00eda tenido un m\u00f3vil para matarla y es que ella lo descubri\u00f3 mientras robaba en su casa, justo la mujer que quer\u00eda que lo echaran del country porque sospechaba que le hab\u00eda secuestrado al perro.<br>&nbsp;&nbsp; El juicio entra en etapa de definiciones y Pachelo lo sabe. Por delante, tiene una pena a prisi\u00f3n perpetua o la absoluci\u00f3n en una causa que est\u00e1 a punto de prescribir el pr\u00f3ximo 27 de octubre cuando se cumplan 20 a\u00f1os del homicidio que todav\u00eda mantiene en vilo al pa\u00eds.<\/p>\n","protected":false},"excerpt":{"rendered":"<p>Nicol\u00e1s Pachelo, quien est\u00e1 acusado de ser coautor del crimen de Mar\u00eda Marta Garc\u00eda Belsunce, asegur\u00f3 que &#8220;no&#8221; va a &#8220;formar parte del show&#8221; de la familia de la mujer&hellip; <\/p>\n","protected":false},"author":2,"featured_media":14773,"comment_status":"closed","ping_status":"open","sticky":false,"template":"","format":"standard","meta":{"footnotes":""},"categories":[22],"tags":[],"class_list":["post-14772","post","type-post","status-publish","format-standard","has-post-thumbnail","hentry","category-sociedad"],"_links":{"self":[{"href":"https:\/\/eenergetica.com.ar\/index.php\/wp-json\/wp\/v2\/posts\/14772","targetHints":{"allow":["GET"]}}],"collection":[{"href":"https:\/\/eenergetica.com.ar\/index.php\/wp-json\/wp\/v2\/posts"}],"about":[{"href":"https:\/\/eenergetica.com.ar\/index.php\/wp-json\/wp\/v2\/types\/post"}],"author":[{"embeddable":true,"href":"https:\/\/eenergetica.com.ar\/index.php\/wp-json\/wp\/v2\/users\/2"}],"replies":[{"embeddable":true,"href":"https:\/\/eenergetica.com.ar\/index.php\/wp-json\/wp\/v2\/comments?post=14772"}],"version-history":[{"count":1,"href":"https:\/\/eenergetica.com.ar\/index.php\/wp-json\/wp\/v2\/posts\/14772\/revisions"}],"predecessor-version":[{"id":14774,"href":"https:\/\/eenergetica.com.ar\/index.php\/wp-json\/wp\/v2\/posts\/14772\/revisions\/14774"}],"wp:featuredmedia":[{"embeddable":true,"href":"https:\/\/eenergetica.com.ar\/index.php\/wp-json\/wp\/v2\/media\/14773"}],"wp:attachment":[{"href":"https:\/\/eenergetica.com.ar\/index.php\/wp-json\/wp\/v2\/media?parent=14772"}],"wp:term":[{"taxonomy":"category","embeddable":true,"href":"https:\/\/eenergetica.com.ar\/index.php\/wp-json\/wp\/v2\/categories?post=14772"},{"taxonomy":"post_tag","embeddable":true,"href":"https:\/\/eenergetica.com.ar\/index.php\/wp-json\/wp\/v2\/tags?post=14772"}],"curies":[{"name":"wp","href":"https:\/\/api.w.org\/{rel}","templated":true}]}}