{"id":14643,"date":"2022-08-08T10:06:03","date_gmt":"2022-08-08T13:06:03","guid":{"rendered":"http:\/\/eenergetica.com.ar\/?p=14643"},"modified":"2022-08-08T10:06:03","modified_gmt":"2022-08-08T13:06:03","slug":"san-cayetano-movimientos-sociales-oficialistas-marcharon-e-insistieron-con-el-salario-basico-universal","status":"publish","type":"post","link":"https:\/\/eenergetica.com.ar\/index.php\/2022\/08\/08\/san-cayetano-movimientos-sociales-oficialistas-marcharon-e-insistieron-con-el-salario-basico-universal\/","title":{"rendered":"SAN CAYETANO: MOVIMIENTOS SOCIALES OFICIALISTAS MARCHARON E INSISTIERON CON EL SALARIO B\u00c1SICO UNIVERSAL"},"content":{"rendered":"\n<p><strong>A seis a\u00f1os de la primera convocatoria, los movimientos sociales oficialistas llevaron adelante una nueva edici\u00f3n de la marcha de San Cayetano en reclamo de &#8220;Tierra, Techo, y Trabajo (TTT) y paz para los argentinos&#8221;.<\/strong><\/p>\n\n\n\n<p>&nbsp; &nbsp;Las organizaciones que, de forma conjunta, se conocen como la Uni\u00f3n de Trabajadores y Trabajadoras de la Econom\u00eda Popular (UTEP) protagonizaron una nueva protesta e insistieron con el Salario B\u00e1sico Universal.<\/p>\n\n\n\n<p>&nbsp;&nbsp; De Liniers a la Avenida 9 de julio, largas columnas de espacios nucleados bajo el paraguas del Frente de Todos salieron a las calles&nbsp;a reclamar contra la realidad social que enfrentan. Sobre la Avenida 9 de Julio se realiz\u00f3 una imponente Olla Popular para cientos de personas.&nbsp;.<\/p>\n\n\n\n<p>&nbsp;&nbsp; &#8220;Las trabajadoras y trabajadores de la econom\u00eda popular volvemos a salir a la calle en unidad reclamando respuestas urgentes para los \u00faltimos de la fila.&nbsp;Nuestras propuestas son concretas: Ley Integral de Tierra, Techo y Trabajo para fortalecer a la econom\u00eda popular y avanzar con un Salario B\u00e1sico Universal para terminar con la indigencia en Argentina&#8221;, expres\u00f3&nbsp;Dina S\u00e1nchez, secretaria general adjunta de la UTEP y vocera del Frente Popular Dar\u00edo Santill\u00e1n.<\/p>\n\n\n\n<p>&nbsp;&nbsp; &#8220;Le pedimos a la dirigencia pol\u00edtica que tome dimensi\u00f3n de la gravedad de la situaci\u00f3n social y la necesidad de medidas urgentes&#8221;, sum\u00f3 la referente en un clara cr\u00edtica al Gobierno a d\u00edas de los primeros anuncios del flamante ministro de Econom\u00eda,&nbsp;Sergio Massa.&nbsp;.<\/p>\n\n\n\n<p>&nbsp;&nbsp; Entre los manifestantes estuvo presente el l\u00edder del Movimiento de Trabajadores Excluidos (MTE) y del Frente Patria Grande,&nbsp;Juan Grabois, quien se mostr\u00f3 cr\u00edtico con las medidas del tigrense y&nbsp;amenaz\u00f3 con irse de la coalici\u00f3n de Gobierno.<\/p>\n\n\n\n<p>&nbsp;&nbsp; &#8220;Nos vemos en la situaci\u00f3n de convocar al conjunto de la militancia del Frente Patria Grande para rediscutir la pertenencia de nuestros diputados, diputadas, legisladores y concejales al bloque oficialista ante el sentimiento general de nuestra fuerza de que&nbsp;nuestro gobierno no est\u00e1 defendiendo los intereses populares y existe un claro riesgo a que la hegemon\u00eda de la coalici\u00f3n se vuelque hacia posiciones que priorizan los intereses de las corporaciones&#8221;, hab\u00eda expuesto el Frente Patria Grande, que cuenta con tres diputados nacionales, a trav\u00e9s de un comunicado oficial.<\/p>\n\n\n\n<p>&nbsp;&nbsp; Si bien a\u00fan no hay definiciones, Grabois particip\u00f3 de la movilizaci\u00f3n bajo el lema:&nbsp;&#8220;Si el poder lo ejercen s\u00f3lo los de arriba, nunca va a haber justicia para los de abajo&#8221;.&nbsp; .<\/p>\n\n\n\n<p>&nbsp;&nbsp; En caso de que los tres legisladores nacionales del Frente Patria Grande (Itai Hagman, Natalia Zaracho y Federico Fagioli) abandonen el Frente de Todos, la bancada oficialista quedar\u00eda reducida a 115 miembros perdiendo el lugar de la primera minor\u00eda a manos de Juntos por el Cambio, que posee 116 representantes.<\/p>\n\n\n\n<p>&nbsp;&nbsp; Otra de las presencias destacadas en la marcha fue la del director nacional de Pol\u00edticas Integradoras del Ministerio de Desarrollo Social, Rafael Klejzer, quien subray\u00f3 la masividad de la convocatoria y afirm\u00f3 que &#8220;se trata de enfrentar a ese poder real que est\u00e1 en las corporaciones que concentran la econom\u00eda, el pu\u00f1ado de ricos de siempre, la AEA, la Sociedad Rural, la econom\u00eda extranjerizada&#8221;.<\/p>\n\n\n\n<p>&nbsp;&nbsp; En tanto, la secretaria de Mujeres, G\u00e9neros y Diversidad de la UTEP, Marina Joski, resalt\u00f3 que &#8220;la econom\u00eda popular es la respuesta concreta de los de abajo ante un sistema que ya nos descart\u00f3 hace a\u00f1os&#8221;.<\/p>\n\n\n\n<p>&nbsp;&nbsp; Los detalles de la movilizaci\u00f3n se terminaron de ultimar el pasado martes posteriormente a&nbsp;una misa celebrada en la Bas\u00edlica de Luj\u00e1n,&nbsp;a la que asistieron los principales referentes de las organizaciones convocantes, entre ellos el l\u00edder de la UTEP,&nbsp;Esteban &#8220;El Gringo&#8221; Castro.<\/p>\n\n\n\n<p>&nbsp;&nbsp; Adem\u00e1s, cont\u00f3 con una presencia peculiar puesto que, a d\u00edas de su renuncia, el exsecretario de Asuntos Estrat\u00e9gicos de la Naci\u00f3n&nbsp;Gustavo Beliz, hombre del c\u00edrculo del presidente Alberto Fern\u00e1ndez, se mostr\u00f3 all\u00ed junto a su hijo.&nbsp;.<\/p>\n\n\n\n<p>&nbsp;&nbsp; En la previa a la protesta de este domingo,&nbsp;Beliz&nbsp;volvi\u00f3 a dejarse ver en p\u00fablico&nbsp;en la iglesia que conmemora a San Cayetano de la calle Cuzco 150, junto a la presencia de otros dirigentes sociales.<\/p>\n\n\n\n<p>&nbsp;&nbsp; Por su parte, el funcionario del Ministerio de Desarrollo Social y titular del Movimiento Somos Barrios de Pie,&nbsp;Daniel Men\u00e9ndez, se\u00f1al\u00f3 que&nbsp;&#8220;la marcha representa la b\u00fasqueda de los movimientos sociales por ser protagonistas en la reconstrucci\u00f3n de la Argentina y as\u00ed ampliar y garantizar derechos en todos los rincones de la patria&#8221;.<\/p>\n\n\n\n<p>&nbsp;&nbsp; El diputado nacional&nbsp;y dirigente del Movimiento Evita&nbsp;Leo Grosso&nbsp;comparti\u00f3 una publicaci\u00f3n desde su cuenta de Twitter en la que se mostr\u00f3 en la movilizaci\u00f3n. &#8220;YA ESTAMOS.&nbsp;Hoy, en el d\u00eda de San Cayetano, los Movimientos Populares volvemos a salir a la calle pidiendo tierra, techo y trabajo para todos y todas&nbsp;SanCayetano&nbsp;#TierraTechoTrabajo&#8221;, tuite\u00f3.<\/p>\n","protected":false},"excerpt":{"rendered":"<p>A seis a\u00f1os de la primera convocatoria, los movimientos sociales oficialistas llevaron adelante una nueva edici\u00f3n de la marcha de San Cayetano en reclamo de &#8220;Tierra, Techo, y Trabajo (TTT)&hellip; <\/p>\n","protected":false},"author":2,"featured_media":14644,"comment_status":"closed","ping_status":"open","sticky":false,"template":"","format":"standard","meta":{"footnotes":""},"categories":[25],"tags":[26],"class_list":["post-14643","post","type-post","status-publish","format-standard","has-post-thumbnail","hentry","category-gremial","tag-destacada"],"_links":{"self":[{"href":"https:\/\/eenergetica.com.ar\/index.php\/wp-json\/wp\/v2\/posts\/14643","targetHints":{"allow":["GET"]}}],"collection":[{"href":"https:\/\/eenergetica.com.ar\/index.php\/wp-json\/wp\/v2\/posts"}],"about":[{"href":"https:\/\/eenergetica.com.ar\/index.php\/wp-json\/wp\/v2\/types\/post"}],"author":[{"embeddable":true,"href":"https:\/\/eenergetica.com.ar\/index.php\/wp-json\/wp\/v2\/users\/2"}],"replies":[{"embeddable":true,"href":"https:\/\/eenergetica.com.ar\/index.php\/wp-json\/wp\/v2\/comments?post=14643"}],"version-history":[{"count":1,"href":"https:\/\/eenergetica.com.ar\/index.php\/wp-json\/wp\/v2\/posts\/14643\/revisions"}],"predecessor-version":[{"id":14645,"href":"https:\/\/eenergetica.com.ar\/index.php\/wp-json\/wp\/v2\/posts\/14643\/revisions\/14645"}],"wp:featuredmedia":[{"embeddable":true,"href":"https:\/\/eenergetica.com.ar\/index.php\/wp-json\/wp\/v2\/media\/14644"}],"wp:attachment":[{"href":"https:\/\/eenergetica.com.ar\/index.php\/wp-json\/wp\/v2\/media?parent=14643"}],"wp:term":[{"taxonomy":"category","embeddable":true,"href":"https:\/\/eenergetica.com.ar\/index.php\/wp-json\/wp\/v2\/categories?post=14643"},{"taxonomy":"post_tag","embeddable":true,"href":"https:\/\/eenergetica.com.ar\/index.php\/wp-json\/wp\/v2\/tags?post=14643"}],"curies":[{"name":"wp","href":"https:\/\/api.w.org\/{rel}","templated":true}]}}