{"id":14617,"date":"2022-08-05T14:17:30","date_gmt":"2022-08-05T17:17:30","guid":{"rendered":"http:\/\/eenergetica.com.ar\/?p=14617"},"modified":"2022-08-05T14:17:30","modified_gmt":"2022-08-05T17:17:30","slug":"grabois-si-no-hay-medidas-para-los-mas-pobres-no-tenemos-nada-que-hacer-en-el-frente-de-todos","status":"publish","type":"post","link":"https:\/\/eenergetica.com.ar\/index.php\/2022\/08\/05\/grabois-si-no-hay-medidas-para-los-mas-pobres-no-tenemos-nada-que-hacer-en-el-frente-de-todos\/","title":{"rendered":"GRABOIS: &#8220;SI NO HAY MEDIDAS PARA LOS M\u00c1S POBRES, NO TENEMOS NADA QUE HACER EN EL FRENTE DE TODOS&#8221;"},"content":{"rendered":"\n<p>El referente del Frente Patria Grande Juan Grabois reiter\u00f3 su decisi\u00f3n de abandonar el Frente de Todos &#8220;si no hay medidas para los m\u00e1s pobres&#8221;, un d\u00eda despu\u00e9s de que el ministro de Econom\u00eda, Sergio Massa, anunciara las primeras iniciativas de su gesti\u00f3n.<br>&#8220;Hasta \u00faltimo minuto, antes de los anuncios, nosotros pedimos una medida para los m\u00e1s pobres, para los que est\u00e1n sufriendo la indigencia, para los que pasan hambre. No necesariamente tiene que ser el Salario B\u00e1sico Universal, que es nuestra propuesta. No hubo nada de eso&#8221;, apunt\u00f3 el abogado.<br>Luego, el dirigente social fue m\u00e1s punzante: &#8220;A la hora de los bifes, son s\u00f3lo para los ricos&#8221;. En ese sentido, en una entrevista con C5N, el l\u00edder del MTE remarc\u00f3 que de las medidas de Massa quedaron excluidos &#8220;los sectores informalizados, que no tienen una corporaci\u00f3n que los defina&#8221;.<br>&#8220;Hacemos pol\u00edtica para transformar la realidad, empezando por los \u00faltimos, sino no sirve lo que hacemos&#8221;, subray\u00f3.<br>&#8220;Tengo una posici\u00f3n tomada. Si no hay medidas para los sectores populares y los m\u00e1s pobres, no tenemos nada que hacer en el bloque del Frente de Todos&#8221;, advirti\u00f3 Grabois.<br>Si se da la salida del Frente Patria Grande del Frente de Todos, el oficialismo dejar\u00eda de ser la primera minor\u00eda en Diputados. Es que dicho espacio cuenta con tres diputados propios en la C\u00e1mara Baja: Itai Hagman, Federico Fagioli y Natalia Zaracho.<br>De este modo, quedar\u00edan 115 miembros contra 116 de Juntos por el Cambio.<\/p>\n","protected":false},"excerpt":{"rendered":"<p>El referente del Frente Patria Grande Juan Grabois reiter\u00f3 su decisi\u00f3n de abandonar el Frente de Todos &#8220;si no hay medidas para los m\u00e1s pobres&#8221;, un d\u00eda despu\u00e9s de que&hellip; <\/p>\n","protected":false},"author":1,"featured_media":14514,"comment_status":"closed","ping_status":"open","sticky":false,"template":"","format":"standard","meta":{"footnotes":""},"categories":[20],"tags":[],"class_list":["post-14617","post","type-post","status-publish","format-standard","has-post-thumbnail","hentry","category-politica"],"_links":{"self":[{"href":"https:\/\/eenergetica.com.ar\/index.php\/wp-json\/wp\/v2\/posts\/14617","targetHints":{"allow":["GET"]}}],"collection":[{"href":"https:\/\/eenergetica.com.ar\/index.php\/wp-json\/wp\/v2\/posts"}],"about":[{"href":"https:\/\/eenergetica.com.ar\/index.php\/wp-json\/wp\/v2\/types\/post"}],"author":[{"embeddable":true,"href":"https:\/\/eenergetica.com.ar\/index.php\/wp-json\/wp\/v2\/users\/1"}],"replies":[{"embeddable":true,"href":"https:\/\/eenergetica.com.ar\/index.php\/wp-json\/wp\/v2\/comments?post=14617"}],"version-history":[{"count":1,"href":"https:\/\/eenergetica.com.ar\/index.php\/wp-json\/wp\/v2\/posts\/14617\/revisions"}],"predecessor-version":[{"id":14618,"href":"https:\/\/eenergetica.com.ar\/index.php\/wp-json\/wp\/v2\/posts\/14617\/revisions\/14618"}],"wp:featuredmedia":[{"embeddable":true,"href":"https:\/\/eenergetica.com.ar\/index.php\/wp-json\/wp\/v2\/media\/14514"}],"wp:attachment":[{"href":"https:\/\/eenergetica.com.ar\/index.php\/wp-json\/wp\/v2\/media?parent=14617"}],"wp:term":[{"taxonomy":"category","embeddable":true,"href":"https:\/\/eenergetica.com.ar\/index.php\/wp-json\/wp\/v2\/categories?post=14617"},{"taxonomy":"post_tag","embeddable":true,"href":"https:\/\/eenergetica.com.ar\/index.php\/wp-json\/wp\/v2\/tags?post=14617"}],"curies":[{"name":"wp","href":"https:\/\/api.w.org\/{rel}","templated":true}]}}