{"id":14253,"date":"2022-07-26T12:08:57","date_gmt":"2022-07-26T15:08:57","guid":{"rendered":"http:\/\/eenergetica.com.ar\/?p=14253"},"modified":"2022-07-26T12:08:57","modified_gmt":"2022-07-26T15:08:57","slug":"manzur-celebro-el-descenso-marcado-del-dolar-blue","status":"publish","type":"post","link":"https:\/\/eenergetica.com.ar\/index.php\/2022\/07\/26\/manzur-celebro-el-descenso-marcado-del-dolar-blue\/","title":{"rendered":"MANZUR CELEBR\u00d3 EL &#8220;DESCENSO MARCADO&#8221; DEL D\u00d3LAR BLUE"},"content":{"rendered":"\n<p><strong>El jefe de Gabinete, Juan Manzur, celebr\u00f3 el &#8220;descenso marcado&#8221; del d\u00f3lar blue y asegur\u00f3 que el Gobierno trabaja en estabilizar la macroeconom\u00eda.<\/strong><\/p>\n\n\n\n<p>&#8220;Estamos haciendo todo lo que est\u00e1 a nuestro alcanza para estabilizar la macroeconom\u00eda. Ayer felizmente, todos sabemos, hubo un descenso marcado de los d\u00f3lares financieros y el blue. Todos los d\u00edas vamos a seguir trabajando. Cada d\u00f3lar que tenemos lo queremos invertir en producci\u00f3n y en trabajo y ese es el gran desaf\u00edo&#8221;, expres\u00f3 el tucumano previo a su ingreso a Casa Rosada.<\/p>\n\n\n\n<p>En los \u00faltimos d\u00edas, el nombre de Sergio Massa resurgi\u00f3 entre los posibles funcionarios para desembarcar en el Gabinete.<\/p>\n\n\n\n<p>Consultado por su continuidad en el cargo, Manzur respondi\u00f3: &#8220;Eso lo dispone el Presidente (Alberto Fern\u00e1ndez). Los ministros siguen trabajando con la misma fuerza y vocaci\u00f3n de servicio. No me molestan los rumores, forman parte de la pol\u00edtica. Nuestra tarea es seguir trabajando&#8221;.<\/p>\n\n\n\n<p>Por otro lado, el ministro coordinador cont\u00f3 que el mandatario y el titular del Banco Central, Miguel \u00c1ngel Pesce, mantienen contacto permanente con la ministra de Econom\u00eda, Silvina Batakis, y se\u00f1al\u00f3 que tras su retorno al pa\u00eds, continuar\u00e1n trabajando en medidas para combatir la inestabilidad cambiaria.<\/p>\n","protected":false},"excerpt":{"rendered":"<p>El jefe de Gabinete, Juan Manzur, celebr\u00f3 el &#8220;descenso marcado&#8221; del d\u00f3lar blue y asegur\u00f3 que el Gobierno trabaja en estabilizar la macroeconom\u00eda. &#8220;Estamos haciendo todo lo que est\u00e1 a&hellip; <\/p>\n","protected":false},"author":2,"featured_media":0,"comment_status":"closed","ping_status":"open","sticky":false,"template":"","format":"standard","meta":{"footnotes":""},"categories":[21],"tags":[],"class_list":["post-14253","post","type-post","status-publish","format-standard","hentry","category-economia"],"_links":{"self":[{"href":"https:\/\/eenergetica.com.ar\/index.php\/wp-json\/wp\/v2\/posts\/14253","targetHints":{"allow":["GET"]}}],"collection":[{"href":"https:\/\/eenergetica.com.ar\/index.php\/wp-json\/wp\/v2\/posts"}],"about":[{"href":"https:\/\/eenergetica.com.ar\/index.php\/wp-json\/wp\/v2\/types\/post"}],"author":[{"embeddable":true,"href":"https:\/\/eenergetica.com.ar\/index.php\/wp-json\/wp\/v2\/users\/2"}],"replies":[{"embeddable":true,"href":"https:\/\/eenergetica.com.ar\/index.php\/wp-json\/wp\/v2\/comments?post=14253"}],"version-history":[{"count":1,"href":"https:\/\/eenergetica.com.ar\/index.php\/wp-json\/wp\/v2\/posts\/14253\/revisions"}],"predecessor-version":[{"id":14254,"href":"https:\/\/eenergetica.com.ar\/index.php\/wp-json\/wp\/v2\/posts\/14253\/revisions\/14254"}],"wp:attachment":[{"href":"https:\/\/eenergetica.com.ar\/index.php\/wp-json\/wp\/v2\/media?parent=14253"}],"wp:term":[{"taxonomy":"category","embeddable":true,"href":"https:\/\/eenergetica.com.ar\/index.php\/wp-json\/wp\/v2\/categories?post=14253"},{"taxonomy":"post_tag","embeddable":true,"href":"https:\/\/eenergetica.com.ar\/index.php\/wp-json\/wp\/v2\/tags?post=14253"}],"curies":[{"name":"wp","href":"https:\/\/api.w.org\/{rel}","templated":true}]}}