{"id":14232,"date":"2022-07-26T10:35:40","date_gmt":"2022-07-26T13:35:40","guid":{"rendered":"http:\/\/eenergetica.com.ar\/?p=14232"},"modified":"2022-07-26T10:35:41","modified_gmt":"2022-07-26T13:35:41","slug":"ex-combatientes-pidieron-a-anses-que-revise-la-pension-de-veterano-de-aldo-rico-tras-sus-expresiones-golpistas","status":"publish","type":"post","link":"https:\/\/eenergetica.com.ar\/index.php\/2022\/07\/26\/ex-combatientes-pidieron-a-anses-que-revise-la-pension-de-veterano-de-aldo-rico-tras-sus-expresiones-golpistas\/","title":{"rendered":"EX COMBATIENTES PIDIERON A ANSES QUE REVISE LA PENSI\u00d3N DE VETERANO DE ALDO RICO TRAS SUS EXPRESIONES &#8220;GOLPISTAS&#8221;"},"content":{"rendered":"\n<p><strong>Organizaciones de veteranos de la Guerra de Malvinas pidieron a la directora de la ANSES, Fernanda Raverta, que revise la pensi\u00f3n honor\u00edfica otorgada al ex l\u00edder carapintada Aldo Rico por su participaci\u00f3n en el conflicto b\u00e9lico, a ra\u00edz de sus expresiones p\u00fablicas de los \u00faltimos d\u00edas, a las que consideraron &#8220;golpistas&#8221;.<\/strong><\/p>\n\n\n\n<p>&nbsp; &nbsp;Las entidades, encabezadas por el colectivo de ex soldados CECIM La Plata, invocaron el art\u00edculo sexto del decreto 1357\/04, que &#8220;impide el acceso al beneficio a los militares que fueron sancionados por delitos contra el orden constitucional y la vida democr\u00e1tica&#8221;.<\/p>\n\n\n\n<p>&nbsp;&nbsp; El CECIM ya hab\u00eda repudiado las expresiones de Rico, quien en un video difundido por la red social YouTube convoc\u00f3 a sus ex camaradas a un &#8220;alzamiento&#8221; contra el actual Gobierno.<\/p>\n\n\n\n<p>&nbsp;&nbsp; Esa conducta le vali\u00f3 al menos dos denuncias penales: una del procurador general adjunto de la Naci\u00f3n, V\u00edctor Abramovich, que tramita ante el Juzgado Federal a cargo de Ariel Lijo; y otra de la Secretar\u00eda de Derechos Humanos, que fue asignada al que conduce el magistrado Sebasti\u00e1n Casanello.<\/p>\n\n\n\n<p>&nbsp;&nbsp; &#8220;Repudiamos las expresiones de los responsables de la derrota de Malvinas, como lo es Aldo Rico y cuanto militar protegido por un Poder Judicial que no act\u00faa en consecuencia ante semejantes manifestaciones anti democr\u00e1ticas&#8221;, sostuvo el CECIM en su declaraci\u00f3n de repudio.<\/p>\n\n\n\n<p>&nbsp;&nbsp; &#8220;Solicitamos al Ministerio de Defensa de la Naci\u00f3n que tome todas las medidas del caso para que personas que distan mucho de haberse rozado con el honor, con semejante prontuario sigan manteniendo el grado militar, ofendiendo a San Mart\u00edn y Belgrano&#8221;, a\u00f1adi\u00f3 el texto.<\/p>\n\n\n\n<p>&nbsp;&nbsp; Adem\u00e1s del rechazo a las expresiones de Rico, las organizaciones de ex combatientes tambi\u00e9n reclamaron que se revise la continuidad del beneficio especial como ex combatiente, en el marco de una serie de &#8220;irregularidades en el otorgamiento y continuidad de beneficios contemplados en la ley 23.848&#8221;, que justamente otorga esa &#8220;Pensi\u00f3n Honor\u00edfica&#8221;.<\/p>\n\n\n\n<p>&nbsp;&nbsp; &#8220;Bregamos por el cumplimiento de dichas normas y m\u00e1s a\u00fan por tratarse de un universo de beneficiarios donde muchos de ellos formaron parte de las estructuras de las Fuerzas Armadas durante la dictadura c\u00edvico militar, que incluy\u00f3 la Guerra de Malvinas&#8221;, sostiene la nota.<\/p>\n\n\n\n<p>&nbsp;&nbsp; El documento recuerda que Rico y otros militares &#8220;ya recuperada la democracia, cometieron actos il\u00edcitos como los episodios llevados a cabo en los alzamientos en los a\u00f1os 1987, 1988 y 1991&#8221;.<\/p>\n\n\n\n<p>&nbsp;&nbsp; &#8220;Por tratarse de recursos que surgen del erario, consideramos que la ANSES debe verificar si en este caso se viola lo establecido en el art\u00edculo 6\u00ba del decreto 1357\/04&#8221;, resume el pedido dirigido a Raverta.<\/p>\n","protected":false},"excerpt":{"rendered":"<p>Organizaciones de veteranos de la Guerra de Malvinas pidieron a la directora de la ANSES, Fernanda Raverta, que revise la pensi\u00f3n honor\u00edfica otorgada al ex l\u00edder carapintada Aldo Rico por&hellip; <\/p>\n","protected":false},"author":2,"featured_media":14233,"comment_status":"closed","ping_status":"open","sticky":false,"template":"","format":"standard","meta":{"footnotes":""},"categories":[20],"tags":[],"class_list":["post-14232","post","type-post","status-publish","format-standard","has-post-thumbnail","hentry","category-politica"],"_links":{"self":[{"href":"https:\/\/eenergetica.com.ar\/index.php\/wp-json\/wp\/v2\/posts\/14232","targetHints":{"allow":["GET"]}}],"collection":[{"href":"https:\/\/eenergetica.com.ar\/index.php\/wp-json\/wp\/v2\/posts"}],"about":[{"href":"https:\/\/eenergetica.com.ar\/index.php\/wp-json\/wp\/v2\/types\/post"}],"author":[{"embeddable":true,"href":"https:\/\/eenergetica.com.ar\/index.php\/wp-json\/wp\/v2\/users\/2"}],"replies":[{"embeddable":true,"href":"https:\/\/eenergetica.com.ar\/index.php\/wp-json\/wp\/v2\/comments?post=14232"}],"version-history":[{"count":1,"href":"https:\/\/eenergetica.com.ar\/index.php\/wp-json\/wp\/v2\/posts\/14232\/revisions"}],"predecessor-version":[{"id":14234,"href":"https:\/\/eenergetica.com.ar\/index.php\/wp-json\/wp\/v2\/posts\/14232\/revisions\/14234"}],"wp:featuredmedia":[{"embeddable":true,"href":"https:\/\/eenergetica.com.ar\/index.php\/wp-json\/wp\/v2\/media\/14233"}],"wp:attachment":[{"href":"https:\/\/eenergetica.com.ar\/index.php\/wp-json\/wp\/v2\/media?parent=14232"}],"wp:term":[{"taxonomy":"category","embeddable":true,"href":"https:\/\/eenergetica.com.ar\/index.php\/wp-json\/wp\/v2\/categories?post=14232"},{"taxonomy":"post_tag","embeddable":true,"href":"https:\/\/eenergetica.com.ar\/index.php\/wp-json\/wp\/v2\/tags?post=14232"}],"curies":[{"name":"wp","href":"https:\/\/api.w.org\/{rel}","templated":true}]}}