{"id":14223,"date":"2022-07-25T09:34:34","date_gmt":"2022-07-25T12:34:34","guid":{"rendered":"http:\/\/eenergetica.com.ar\/?p=14223"},"modified":"2022-07-25T09:34:35","modified_gmt":"2022-07-25T12:34:35","slug":"diputados-radicales-le-contestan-al-frente-de-todos-la-desestabilizacion-viene-del-propio-oficialismo","status":"publish","type":"post","link":"https:\/\/eenergetica.com.ar\/index.php\/2022\/07\/25\/diputados-radicales-le-contestan-al-frente-de-todos-la-desestabilizacion-viene-del-propio-oficialismo\/","title":{"rendered":"DIPUTADOS RADICALES LE CONTESTAN AL FRENTE DE TODOS: &#8220;LA DESESTABILIZACI\u00d3N VIENE DEL PROPIO OFICIALISMO&#8221;"},"content":{"rendered":"\n<p><strong>Diputados nacionales de la Uni\u00f3n C\u00edvica Radical contestaron el comunicado difundido por el bloque del Frente de Todos, en el cual denunciaron un plan de desestabilizaci\u00f3n y le pidieron responsabilidad a la oposici\u00f3n.<\/strong><\/p>\n\n\n\n<p>&nbsp; &nbsp;El presidente del bloque radical, Mario Negri, sostuvo en Twitter que &#8220;la desestabilizaci\u00f3n del Gobierno la infringe el Frente de Todos desde el d\u00eda que muchos legisladores dieron la espalda irresponsablemente al acuerdo con el FMI&#8221;.<\/p>\n\n\n\n<p>&nbsp;&nbsp; &#8220;Tambi\u00e9n desestabilizan cuando avanzan con proyectos sin aval del Ejecutivo y empujan al pa\u00eds al abismo. Est\u00e1n en default pol\u00edtico&#8221;, agreg\u00f3 el cordob\u00e9s, al hacer alusi\u00f3n a proyectos como el del Salario B\u00e1sico Universal y la creaci\u00f3n de un fondo para pagarle al FMI en base a la repatriaci\u00f3n de capitales fugados al exterior.<\/p>\n\n\n\n<p>&nbsp;&nbsp; La vicepresidenta del bloque, Karina Banfi, se quej\u00f3 de la &#8220;victimizaci\u00f3n&#8221; del oficialismo, y sostuvo que no hay &#8220;nada m\u00e1s desestabilizador que las internas que fogonean&#8221; sectores del propio Frente de Todos.<\/p>\n\n\n\n<p>&nbsp;&nbsp; &#8220;Ante tanta incertidumbre y caos la \u00fanica idea es la victimizaci\u00f3n. Nada m\u00e1s desestabilizador que las internas que entre ustedes fogonean. P\u00f3nganse a gobernar y traigan al Congreso un plan de medidas para estabilizar la econom\u00eda. Lleven tranquilidad, por favor&#8221;, exigi\u00f3.<\/p>\n\n\n\n<p>&nbsp;&nbsp; Bajo la misma l\u00ednea argumental, el diputado formose\u00f1o Ricardo Buryaile culp\u00f3 al Frente de Todos de la desestabilizaci\u00f3n del propio Gobierno.<\/p>\n\n\n\n<p>&nbsp;&nbsp; &#8220;(Juan) Grabois, (Aldo) Rico y qui\u00e9nes desestabilizan al Presidente a diario, provienen de su propio espacio. Dejen de buscar culpables afuera y ll\u00e1mense a la reflexi\u00f3n. Por una vez en la historia, h\u00e1ganse cargo del desastre que generaron&#8221;, espet\u00f3 el ex ministro de Agroindustria de Cambiemos, que acompa\u00f1\u00f3 su tuit con el hashtag&nbsp;#PeorGobiernoDeLaHistoria.<\/p>\n\n\n\n<p>&nbsp;&nbsp; Tambi\u00e9n Fernando Carbajal reinvindic\u00f3 el rol &#8220;responsable y mesurado&#8221; de la oposici\u00f3n en el actual contexto de crisis, y en cambio asegur\u00f3 que es en el Frente de Todos donde algunos grupos lo ven al presidente Alberto Fern\u00e1ndez &#8220;como un enemigo al que quieren destruir&#8221;.&nbsp;.<\/p>\n\n\n\n<p>&nbsp;&nbsp; &#8220;La crisis econ\u00f3mica es tambi\u00e9n pol\u00edtica. El Presidente cada d\u00eda que pasa renuncia m\u00e1s a ejercer su poder. En la oposici\u00f3n encuentra responsabilidad y mesura. En su frente de todos encuentra personas que lo ven como un enemigo al que quieren destruir&#8221;, remarc\u00f3.<\/p>\n\n\n\n<p>&nbsp;&nbsp; M\u00e1s temprano, la bancada oficialista liderada por Germ\u00e1n Mart\u00ednez hab\u00eda emitido un comunicado en el cual denunciaban&nbsp;una&nbsp;&#8220;acci\u00f3n sistem\u00e1tica de desestabilizaci\u00f3n pol\u00edtica y econ\u00f3mica&#8221;&nbsp;que se manifest\u00f3 la semana pasada en una &#8220;brutal corrida cambiaria&#8221;.<\/p>\n\n\n\n<p>&nbsp;&nbsp; Los legisladores oficialistas dijeron que hay&nbsp;&nbsp;&#8220;acciones golpistas&#8221; y reclamaron&nbsp;&#8220;responsabilidad institucional de la oposici\u00f3n pol\u00edtica&#8221;.<\/p>\n\n\n\n<p>&nbsp;&nbsp; Entre los hechos que enumeraron los legisladores del Frente de Todos se incluye: &#8220;una brutal corrida cambiaria que pretende una devaluaci\u00f3n abrupta de la moneda nacional. Pedido de juicio pol\u00edtico a nuestro Presidente de la Naci\u00f3n. Amenazas hacia nuestra vicepresidenta de la Naci\u00f3n. Acciones violentas contra el Instituto Patria. Ex militares convocando a las Fuerzas Armadas.<\/p>\n\n\n\n<p>&nbsp;&nbsp;Dirigentes pol\u00edticos y operadores medi\u00e1ticos planteando el adelantamiento de las elecciones&#8221;.&nbsp;.<\/p>\n\n\n\n<p>&nbsp;&nbsp; &#8220;Los hechos son muy claros.&nbsp;Hay una acci\u00f3n sistem\u00e1tica de desestabilizaci\u00f3n pol\u00edtica y econ\u00f3mica.&nbsp;Hacemos un llamado a la responsabilidad institucional de la oposici\u00f3n pol\u00edtica. El contexto requiere claras y expl\u00edcitas manifestaciones p\u00fablicas&#8221;, conclu\u00eda el texto, en un pedido de cooperaci\u00f3n a la oposici\u00f3n en el marco de la debilidad en la que el Gobierno se encuentra para enfrentar a solas la crisis.<\/p>\n","protected":false},"excerpt":{"rendered":"<p>Diputados nacionales de la Uni\u00f3n C\u00edvica Radical contestaron el comunicado difundido por el bloque del Frente de Todos, en el cual denunciaron un plan de desestabilizaci\u00f3n y le pidieron responsabilidad&hellip; <\/p>\n","protected":false},"author":2,"featured_media":14224,"comment_status":"closed","ping_status":"open","sticky":false,"template":"","format":"standard","meta":{"footnotes":""},"categories":[20],"tags":[],"class_list":["post-14223","post","type-post","status-publish","format-standard","has-post-thumbnail","hentry","category-politica"],"_links":{"self":[{"href":"https:\/\/eenergetica.com.ar\/index.php\/wp-json\/wp\/v2\/posts\/14223","targetHints":{"allow":["GET"]}}],"collection":[{"href":"https:\/\/eenergetica.com.ar\/index.php\/wp-json\/wp\/v2\/posts"}],"about":[{"href":"https:\/\/eenergetica.com.ar\/index.php\/wp-json\/wp\/v2\/types\/post"}],"author":[{"embeddable":true,"href":"https:\/\/eenergetica.com.ar\/index.php\/wp-json\/wp\/v2\/users\/2"}],"replies":[{"embeddable":true,"href":"https:\/\/eenergetica.com.ar\/index.php\/wp-json\/wp\/v2\/comments?post=14223"}],"version-history":[{"count":1,"href":"https:\/\/eenergetica.com.ar\/index.php\/wp-json\/wp\/v2\/posts\/14223\/revisions"}],"predecessor-version":[{"id":14225,"href":"https:\/\/eenergetica.com.ar\/index.php\/wp-json\/wp\/v2\/posts\/14223\/revisions\/14225"}],"wp:featuredmedia":[{"embeddable":true,"href":"https:\/\/eenergetica.com.ar\/index.php\/wp-json\/wp\/v2\/media\/14224"}],"wp:attachment":[{"href":"https:\/\/eenergetica.com.ar\/index.php\/wp-json\/wp\/v2\/media?parent=14223"}],"wp:term":[{"taxonomy":"category","embeddable":true,"href":"https:\/\/eenergetica.com.ar\/index.php\/wp-json\/wp\/v2\/categories?post=14223"},{"taxonomy":"post_tag","embeddable":true,"href":"https:\/\/eenergetica.com.ar\/index.php\/wp-json\/wp\/v2\/tags?post=14223"}],"curies":[{"name":"wp","href":"https:\/\/api.w.org\/{rel}","templated":true}]}}