{"id":13865,"date":"2022-07-12T13:49:30","date_gmt":"2022-07-12T16:49:30","guid":{"rendered":"http:\/\/eenergetica.com.ar\/?p=13865"},"modified":"2022-07-12T13:49:31","modified_gmt":"2022-07-12T16:49:31","slug":"comienza-manana-tercer-juicio-por-el-asesinato-de-maria-marta-garcia-belsunce","status":"publish","type":"post","link":"https:\/\/eenergetica.com.ar\/index.php\/2022\/07\/12\/comienza-manana-tercer-juicio-por-el-asesinato-de-maria-marta-garcia-belsunce\/","title":{"rendered":"COMIENZA MA\u00d1ANA TERCER JUICIO POR EL ASESINATO DE MAR\u00cdA MARTA GARC\u00cdA BELSUNCE"},"content":{"rendered":"\n<p><strong>El tercer juicio por el crimen de Mar\u00eda Marta Garc\u00eda Belsunce, ocurrido el 27 de octubre de 2002 en el country Carmel de Pilar, comenzar\u00e1 ma\u00f1ana y el principal imputado, el ex vecino de la v\u00edctima, Nicol\u00e1s Pachelo, llega al debate acusado por el homicidio.<\/strong><\/p>\n\n\n\n<p>&nbsp; &nbsp;Adem\u00e1s, el Tribunal Oral en lo Criminal (TOC) 4 de San Isidro, lo juzgar\u00e1 luego por ocho robos cometidos en barrios privados ubicados en las localidades bonaerenses de Pilar, Tigre y Berazategui.<\/p>\n\n\n\n<p>&nbsp;&nbsp; Est\u00e1 previsto que el juicio por el crimen de Mar\u00eda Marta se realice en m\u00e1s de 30 jornadas y Jorge Carrascosa, viudo de la v\u00edctima, ser\u00e1 uno de los primeros testigos en declarar, para luego poder presenciar el debate donde \u00e9l act\u00faa como querellante con la posibilidad de pedir penal.<\/p>\n\n\n\n<p>&nbsp;&nbsp; Pachelo est\u00e1 acusado como coautor del delito de homicidio agravado junto a dos ex vigiladores del country: Norberto Glennon, de 56 a\u00f1os, y Jos\u00e9 Ram\u00f3n Alejandro Ortiz, de 44.<\/p>\n\n\n\n<p>&nbsp;&nbsp; El ex vecino de la v\u00edctima est\u00e1 preso desde abril de 2018 por la causa de los robos en diferentes barrios privados.<\/p>\n\n\n\n<p>&nbsp;&nbsp; El fiscal Andr\u00e9s Quintana, quien investig\u00f3 el crimen junto a la fiscal fallecida Mar\u00eda In\u00e9s Dom\u00ednguez, hab\u00eda solicitado que a Pachelo se lo juzgara tambi\u00e9n por los robos en un mismo juicio, ya que, consideraba que el crimen de Mar\u00eda Marta se dio en medio de un robo.<\/p>\n\n\n\n<p>&nbsp;&nbsp; Sin embargo, los jueces del Tribunal Oral en lo Criminal N\u00b04 de San Isidro se opusieron y es por eso que habr\u00e1 dos juicios contra Pachelo.<\/p>\n\n\n\n<p>&nbsp;&nbsp; La familia de la v\u00edctima siempre apunt\u00f3 a Pachelo como el autor del crimen y al sospechar de un robo ocurrido en la vivienda de Mar\u00eda Marta, ya que, faltaba un cofre de metal con pertenencias personales adentro y algo de dinero.<\/p>\n\n\n\n<p>&nbsp;&nbsp; Pachelo rechaz\u00f3, a trav\u00e9s de sus abogados, ser juzgado por jurado popular, pues, seg\u00fan plasm\u00f3 su defensa en una audiencia, es algo que &#8220;no le conviene&#8221; porque &#8220;lo van a linchar&#8221;.<\/p>\n\n\n\n<p>&nbsp;&nbsp; El comienzo del juicio estaba previsto para hace un mes atr\u00e1s, pero se suspendi\u00f3 porque uno de los tres jueces del Tribunal contrajo coronavirus.<\/p>\n\n\n\n<p>&nbsp;&nbsp; Luego qued\u00f3 en stand by y a ra\u00edz de planteos de la fiscal\u00eda, que incluso recus\u00f3 a los magistrados y los cuales a\u00fan quedan pendiente de resoluci\u00f3n por la C\u00e1mara de Casaci\u00f3n Bonaerense.<\/p>\n","protected":false},"excerpt":{"rendered":"<p>El tercer juicio por el crimen de Mar\u00eda Marta Garc\u00eda Belsunce, ocurrido el 27 de octubre de 2002 en el country Carmel de Pilar, comenzar\u00e1 ma\u00f1ana y el principal imputado,&hellip; <\/p>\n","protected":false},"author":2,"featured_media":13866,"comment_status":"closed","ping_status":"open","sticky":false,"template":"","format":"standard","meta":{"footnotes":""},"categories":[22],"tags":[],"class_list":["post-13865","post","type-post","status-publish","format-standard","has-post-thumbnail","hentry","category-sociedad"],"_links":{"self":[{"href":"https:\/\/eenergetica.com.ar\/index.php\/wp-json\/wp\/v2\/posts\/13865","targetHints":{"allow":["GET"]}}],"collection":[{"href":"https:\/\/eenergetica.com.ar\/index.php\/wp-json\/wp\/v2\/posts"}],"about":[{"href":"https:\/\/eenergetica.com.ar\/index.php\/wp-json\/wp\/v2\/types\/post"}],"author":[{"embeddable":true,"href":"https:\/\/eenergetica.com.ar\/index.php\/wp-json\/wp\/v2\/users\/2"}],"replies":[{"embeddable":true,"href":"https:\/\/eenergetica.com.ar\/index.php\/wp-json\/wp\/v2\/comments?post=13865"}],"version-history":[{"count":1,"href":"https:\/\/eenergetica.com.ar\/index.php\/wp-json\/wp\/v2\/posts\/13865\/revisions"}],"predecessor-version":[{"id":13867,"href":"https:\/\/eenergetica.com.ar\/index.php\/wp-json\/wp\/v2\/posts\/13865\/revisions\/13867"}],"wp:featuredmedia":[{"embeddable":true,"href":"https:\/\/eenergetica.com.ar\/index.php\/wp-json\/wp\/v2\/media\/13866"}],"wp:attachment":[{"href":"https:\/\/eenergetica.com.ar\/index.php\/wp-json\/wp\/v2\/media?parent=13865"}],"wp:term":[{"taxonomy":"category","embeddable":true,"href":"https:\/\/eenergetica.com.ar\/index.php\/wp-json\/wp\/v2\/categories?post=13865"},{"taxonomy":"post_tag","embeddable":true,"href":"https:\/\/eenergetica.com.ar\/index.php\/wp-json\/wp\/v2\/tags?post=13865"}],"curies":[{"name":"wp","href":"https:\/\/api.w.org\/{rel}","templated":true}]}}