{"id":13862,"date":"2022-07-12T13:45:46","date_gmt":"2022-07-12T16:45:46","guid":{"rendered":"http:\/\/eenergetica.com.ar\/?p=13862"},"modified":"2022-07-12T13:45:47","modified_gmt":"2022-07-12T16:45:47","slug":"milei-subrayo-que-la-actualidad-requiere-un-ajuste-sino-habra-recesion","status":"publish","type":"post","link":"https:\/\/eenergetica.com.ar\/index.php\/2022\/07\/12\/milei-subrayo-que-la-actualidad-requiere-un-ajuste-sino-habra-recesion\/","title":{"rendered":"MILEI SUBRAY\u00d3 QUE LA ACTUALIDAD &#8220;REQUIERE UN AJUSTE, SINO HABR\u00c1 RECESI\u00d3N&#8221;"},"content":{"rendered":"\n<p><strong>El diputado nacional de La Libertad Avanza Javier Milei advirti\u00f3 que la situaci\u00f3n econ\u00f3mica actual &#8220;requiere un ajuste&#8221; y se\u00f1al\u00f3 que si el Gobierno no lo implementa, &#8220;habr\u00e1 una recesi\u00f3n&#8221;.<\/strong><\/p>\n\n\n\n<p>&nbsp; &nbsp;&#8220;(La ministra de Econom\u00eda, Silvina) Batakis habla del equilibrio fiscal y de lo que es d\u00e9ficit cero. El problema es que el Gobierno no es cre\u00edble; lo echaron a patadas a (Mart\u00edn) Guzm\u00e1n por ser extremadamente ortodoxo en la l\u00ednea de los economistas de (la vicepresidenta) Cristina (Kirchner) y ahora viene alguien que hace un ajuste mucho m\u00e1s duro&#8221;, sostuvo el economista.<\/p>\n\n\n\n<p>&nbsp;&nbsp; En di\u00e1logo con M\u00e1s All\u00e1 de las Noticias, el programa que conducen Vero Morilla y Lucas Mella en Radio Colonia, el referente liberal consider\u00f3 que la Argentina &#8220;requiere de un ajuste&#8221;.<\/p>\n\n\n\n<p>&nbsp;&nbsp; &#8220;Si no lo hace, va a terminar mal, porque vamos a tener una recesi\u00f3n&#8221;, alert\u00f3 el dirigente opositor.<br>&nbsp;&nbsp; En ese sentido, Milei consider\u00f3 que la econom\u00eda argentina &#8220;se arregla con una profunda reforma del Estado que baje el gasto p\u00fablico, que permita bajar impuestos desregulando y flexibilizando el mercado laboral hacia adelante, abriendo la econom\u00eda&#8221;.<\/p>\n\n\n\n<p>&nbsp;&nbsp; &#8220;Y, en paralelo, una reforma financiera y monetaria que terminen con el Banco Central y con la inflaci\u00f3n de una buena vez.&nbsp; Basta de inflaci\u00f3n&#8221;, a\u00f1adi\u00f3.<\/p>\n\n\n\n<p>&nbsp;&nbsp; Al analizar la conferencia de prensa que brind\u00f3 Batakis el pasado lunes, el legislador nacional consider\u00f3 que la ministra &#8220;no sabe comunicar&#8221;, algo que consider\u00f3 como &#8220;una mala se\u00f1al&#8221;.<\/p>\n\n\n\n<p>&nbsp;&nbsp; &#8220;Los anuncios de un programa econ\u00f3mico se hacen los d\u00edas viernes para que aquellos agentes que participan del mercado financiero puedan tener informaci\u00f3n para tomar mejores decisiones un lunes&#8221;, se quej\u00f3.<\/p>\n\n\n\n<p>&nbsp;&nbsp; Para el referente liberal, &#8220;el problema no pasa por la cuesti\u00f3n monetaria, sino que puede estar en una carga fiscal alta, en un sistema legal anti empresa, mara\u00f1as regulatorias, mercado laboral inflexible o tener pol\u00edticos expropiadores&#8221;.<\/p>\n\n\n\n<p>&nbsp;&nbsp; &#8220;No soy como los pol\u00edticos basura de la casta, que est\u00e1n dispuestos a mentirle a la gente con tal de preservar la imagen.&nbsp;&nbsp;No negocio lo que considero que es la verdad&#8221;, concluy\u00f3.<\/p>\n","protected":false},"excerpt":{"rendered":"<p>El diputado nacional de La Libertad Avanza Javier Milei advirti\u00f3 que la situaci\u00f3n econ\u00f3mica actual &#8220;requiere un ajuste&#8221; y se\u00f1al\u00f3 que si el Gobierno no lo implementa, &#8220;habr\u00e1 una recesi\u00f3n&#8221;.&hellip; <\/p>\n","protected":false},"author":2,"featured_media":13863,"comment_status":"closed","ping_status":"open","sticky":false,"template":"","format":"standard","meta":{"footnotes":""},"categories":[20],"tags":[],"class_list":["post-13862","post","type-post","status-publish","format-standard","has-post-thumbnail","hentry","category-politica"],"_links":{"self":[{"href":"https:\/\/eenergetica.com.ar\/index.php\/wp-json\/wp\/v2\/posts\/13862","targetHints":{"allow":["GET"]}}],"collection":[{"href":"https:\/\/eenergetica.com.ar\/index.php\/wp-json\/wp\/v2\/posts"}],"about":[{"href":"https:\/\/eenergetica.com.ar\/index.php\/wp-json\/wp\/v2\/types\/post"}],"author":[{"embeddable":true,"href":"https:\/\/eenergetica.com.ar\/index.php\/wp-json\/wp\/v2\/users\/2"}],"replies":[{"embeddable":true,"href":"https:\/\/eenergetica.com.ar\/index.php\/wp-json\/wp\/v2\/comments?post=13862"}],"version-history":[{"count":1,"href":"https:\/\/eenergetica.com.ar\/index.php\/wp-json\/wp\/v2\/posts\/13862\/revisions"}],"predecessor-version":[{"id":13864,"href":"https:\/\/eenergetica.com.ar\/index.php\/wp-json\/wp\/v2\/posts\/13862\/revisions\/13864"}],"wp:featuredmedia":[{"embeddable":true,"href":"https:\/\/eenergetica.com.ar\/index.php\/wp-json\/wp\/v2\/media\/13863"}],"wp:attachment":[{"href":"https:\/\/eenergetica.com.ar\/index.php\/wp-json\/wp\/v2\/media?parent=13862"}],"wp:term":[{"taxonomy":"category","embeddable":true,"href":"https:\/\/eenergetica.com.ar\/index.php\/wp-json\/wp\/v2\/categories?post=13862"},{"taxonomy":"post_tag","embeddable":true,"href":"https:\/\/eenergetica.com.ar\/index.php\/wp-json\/wp\/v2\/tags?post=13862"}],"curies":[{"name":"wp","href":"https:\/\/api.w.org\/{rel}","templated":true}]}}