{"id":13670,"date":"2022-07-04T08:53:22","date_gmt":"2022-07-04T11:53:22","guid":{"rendered":"http:\/\/eenergetica.com.ar\/?p=13670"},"modified":"2022-07-04T08:53:22","modified_gmt":"2022-07-04T11:53:22","slug":"por-una-protesta-con-cacerolas-se-cancelo-la-conferencia-de-prensa-de-olivos","status":"publish","type":"post","link":"https:\/\/eenergetica.com.ar\/index.php\/2022\/07\/04\/por-una-protesta-con-cacerolas-se-cancelo-la-conferencia-de-prensa-de-olivos\/","title":{"rendered":"POR UNA PROTESTA CON CACEROLAS, SE CANCEL\u00d3 LA CONFERENCIA DE PRENSA DE OLIVOS"},"content":{"rendered":"\n<p><strong>La conferencia de prensa posterior a la designaci\u00f3n de Silvina Batakis como ministra de Econom\u00eda se suspendi\u00f3 como consecuencia de una protesta en las inmediaciones de la Quinta de Olivos.<\/strong><\/p>\n\n\n\n<p>&nbsp; &nbsp;La idea del Gobierno era que funcionarios respondieran preguntas en la residencia oficial tras una larga jornada de especulaciones y tensi\u00f3n extrema en el Frente de Todos.<\/p>\n\n\n\n<p>&nbsp;&nbsp; Sin embargo, una protesta de &#8220;caceroleros&#8221; que lograron ingresar a la Quinta de Olivos hizo que se suspendiera el contacto con la prensa.<\/p>\n\n\n\n<p>&nbsp;&nbsp; Para el Gobierno, tras la intrusi\u00f3n de personas que no eran periodistas a la sala de conferencias, no estaban dadas las condiciones para poder desarrollar el encuentro, por lo que qued\u00f3 cancelado.<\/p>\n\n\n\n<p>&nbsp;&nbsp; Este domingo por la noche se conoci\u00f3 que el presidente Alberto Fern\u00e1ndez design\u00f3 a Silvina Batakis como la pr\u00f3xima ministra de Econom\u00eda en reemplazo de Mart\u00edn Guzm\u00e1n.<\/p>\n","protected":false},"excerpt":{"rendered":"<p>La conferencia de prensa posterior a la designaci\u00f3n de Silvina Batakis como ministra de Econom\u00eda se suspendi\u00f3 como consecuencia de una protesta en las inmediaciones de la Quinta de Olivos.&hellip; <\/p>\n","protected":false},"author":2,"featured_media":13673,"comment_status":"closed","ping_status":"open","sticky":false,"template":"","format":"standard","meta":{"footnotes":""},"categories":[20],"tags":[],"class_list":["post-13670","post","type-post","status-publish","format-standard","has-post-thumbnail","hentry","category-politica"],"_links":{"self":[{"href":"https:\/\/eenergetica.com.ar\/index.php\/wp-json\/wp\/v2\/posts\/13670","targetHints":{"allow":["GET"]}}],"collection":[{"href":"https:\/\/eenergetica.com.ar\/index.php\/wp-json\/wp\/v2\/posts"}],"about":[{"href":"https:\/\/eenergetica.com.ar\/index.php\/wp-json\/wp\/v2\/types\/post"}],"author":[{"embeddable":true,"href":"https:\/\/eenergetica.com.ar\/index.php\/wp-json\/wp\/v2\/users\/2"}],"replies":[{"embeddable":true,"href":"https:\/\/eenergetica.com.ar\/index.php\/wp-json\/wp\/v2\/comments?post=13670"}],"version-history":[{"count":1,"href":"https:\/\/eenergetica.com.ar\/index.php\/wp-json\/wp\/v2\/posts\/13670\/revisions"}],"predecessor-version":[{"id":13674,"href":"https:\/\/eenergetica.com.ar\/index.php\/wp-json\/wp\/v2\/posts\/13670\/revisions\/13674"}],"wp:featuredmedia":[{"embeddable":true,"href":"https:\/\/eenergetica.com.ar\/index.php\/wp-json\/wp\/v2\/media\/13673"}],"wp:attachment":[{"href":"https:\/\/eenergetica.com.ar\/index.php\/wp-json\/wp\/v2\/media?parent=13670"}],"wp:term":[{"taxonomy":"category","embeddable":true,"href":"https:\/\/eenergetica.com.ar\/index.php\/wp-json\/wp\/v2\/categories?post=13670"},{"taxonomy":"post_tag","embeddable":true,"href":"https:\/\/eenergetica.com.ar\/index.php\/wp-json\/wp\/v2\/tags?post=13670"}],"curies":[{"name":"wp","href":"https:\/\/api.w.org\/{rel}","templated":true}]}}