{"id":13435,"date":"2022-06-26T14:30:40","date_gmt":"2022-06-26T17:30:40","guid":{"rendered":"http:\/\/eenergetica.com.ar\/?p=13435"},"modified":"2022-06-26T14:30:40","modified_gmt":"2022-06-26T17:30:40","slug":"la-ucr-bonaerense-busca-su-candidato-para-luchar-por-la-gobernacion","status":"publish","type":"post","link":"https:\/\/eenergetica.com.ar\/index.php\/2022\/06\/26\/la-ucr-bonaerense-busca-su-candidato-para-luchar-por-la-gobernacion\/","title":{"rendered":"LA UCR BONAERENSE BUSCA SU CANDIDATO PARA LUCHAR POR LA GOBERNACI\u00d3N"},"content":{"rendered":"\n<p><strong>La Uni\u00f3n C\u00edvica Radical (UCR) reagrup\u00f3 sus piezas con miras a las pr\u00f3ximas elecciones en la provincia de Buenos Aires, ya que intendentes, legisladores nacionales, provinciales y dirigentes convocaron a unas 500 personas en La Plata para celebrar el triunfo de Gast\u00f3n Manes, hermano del diputado nacional y neurocirujano Facundo Manes, al frente de la Convenci\u00f3n Nacional del partido.<\/strong><\/p>\n\n\n\n<p>&nbsp; &nbsp;Se trat\u00f3 de un gesto de unidad con el fin de lanzar un candidato propio para 2023, tras meses de disputas internas en el territorio bonaerense.<\/p>\n\n\n\n<p>&nbsp;&nbsp; Como parte de la alianza opositora de Juntos por el Cambio, el partido centenario busca redefinir e impulsar su importancia dentro del espacio pol\u00edtico, cuya conducci\u00f3n hoy est\u00e1 en manos de referentes del ri\u00f1\u00f3n macrista.<\/p>\n\n\n\n<p>&nbsp;&nbsp; Hace un a\u00f1o atr\u00e1s, el triunfo de Maximiliano Abad sobre Gustavo Posse para la presidencia de la UCR en la Provincia tuviese que dirimirse en la Justicia.<\/p>\n\n\n\n<p>&nbsp;&nbsp; En el acto, el intendente de San Isidro estuvo presente junto a su viejo contrincante en un mensaje de paz.<\/p>\n\n\n\n<p>&nbsp;&nbsp; Hoy, la m\u00e1xima figura del radicalismo para competir en la Provincia es Abad, presidente del bloque de Juntos por el Cambio en la C\u00e1mara de Diputados de la Legislatura bonaerense.<\/p>\n\n\n\n<p>&nbsp;&nbsp; Si bien es el que &#8220;pica en punta&#8221;, sus posibilidades como candidato competitivo para la interna por el Gobernaci\u00f3n comenzar\u00e1n a ser sondeadas en el territorio durante las pr\u00f3ximas semanas.<\/p>\n\n\n\n<p>&nbsp;&nbsp; &#8220;Venimos ac\u00e1 a proclamar la unidad radical. Porque el radicalismo cambi\u00f3 el chip, ha modernizado su praxis pol\u00edtica y sus metodolog\u00edas, y hoy es un partido con vocaci\u00f3n de poder, que forma a sus dirigentes, que construye candidaturas competitivas y que se prepara para ser opci\u00f3n de gobierno&#8221;, indic\u00f3 Abad.<\/p>\n\n\n\n<p>&nbsp;&nbsp; En el interior del radicalismo, algunos pretenden formar una alianza entre Abad y Posse.<\/p>\n\n\n\n<p>&nbsp;&nbsp; La ingenier\u00eda no ser\u00e1 sencilla por sus disputas encarnizas recientes.<\/p>\n\n\n\n<p>&nbsp;&nbsp; El primero le gan\u00f3 la presidencia del partido en la Provincia por 3 puntos y el segundo busc\u00f3 impugnar el resultado por supuestas irregularidades que la Justicia acab\u00f3 destinando.<\/p>\n\n\n\n<p>&nbsp;&nbsp; Otros ven a Abad como un posible acompa\u00f1ante de Diego Santilli, hombre fuerte del PRO y quien actualmente mide con mayor fuerte dentro de la alianza en la provincia de Buenos Aires.<\/p>\n\n\n\n<p>&nbsp;&nbsp; En el pelot\u00f3n de aspirantes se anotan el titular del Foro de Intendentes, Carlos Fern\u00e1ndez, mandam\u00e1s de Trenque Lauquen, y la diputada nacional Karina Banfi, quien estuvo a punto de secundar a Mauricio Macri en la f\u00f3rmula presidencial de 2019 hasta que irrumpi\u00f3 a \u00faltimo momento Miguel Pichetto.<\/p>\n\n\n\n<p>&nbsp;&nbsp; Gast\u00f3n Manes, el homenajeado de la jornada, que no cont\u00f3 con Facundo ya que estaba de gira de campa\u00f1a por Catamarca, cerr\u00f3: &#8220;Durante muchos a\u00f1os a los radicales se nos ha subestimado. Esa subestimaci\u00f3n nos hizo m\u00e1s fuertes, nos hizo m\u00e1s sabios, hemos aprendido mucho desde el llano. Hoy hemos recuperado el autoestima y tenemos que convencernos de que debemos conducir, porque eso es lo que la sociedad nos pide&#8221;.<\/p>\n","protected":false},"excerpt":{"rendered":"<p>La Uni\u00f3n C\u00edvica Radical (UCR) reagrup\u00f3 sus piezas con miras a las pr\u00f3ximas elecciones en la provincia de Buenos Aires, ya que intendentes, legisladores nacionales, provinciales y dirigentes convocaron a&hellip; <\/p>\n","protected":false},"author":2,"featured_media":13436,"comment_status":"closed","ping_status":"open","sticky":false,"template":"","format":"standard","meta":{"footnotes":""},"categories":[24],"tags":[26],"class_list":["post-13435","post","type-post","status-publish","format-standard","has-post-thumbnail","hentry","category-provincia","tag-destacada"],"_links":{"self":[{"href":"https:\/\/eenergetica.com.ar\/index.php\/wp-json\/wp\/v2\/posts\/13435","targetHints":{"allow":["GET"]}}],"collection":[{"href":"https:\/\/eenergetica.com.ar\/index.php\/wp-json\/wp\/v2\/posts"}],"about":[{"href":"https:\/\/eenergetica.com.ar\/index.php\/wp-json\/wp\/v2\/types\/post"}],"author":[{"embeddable":true,"href":"https:\/\/eenergetica.com.ar\/index.php\/wp-json\/wp\/v2\/users\/2"}],"replies":[{"embeddable":true,"href":"https:\/\/eenergetica.com.ar\/index.php\/wp-json\/wp\/v2\/comments?post=13435"}],"version-history":[{"count":1,"href":"https:\/\/eenergetica.com.ar\/index.php\/wp-json\/wp\/v2\/posts\/13435\/revisions"}],"predecessor-version":[{"id":13437,"href":"https:\/\/eenergetica.com.ar\/index.php\/wp-json\/wp\/v2\/posts\/13435\/revisions\/13437"}],"wp:featuredmedia":[{"embeddable":true,"href":"https:\/\/eenergetica.com.ar\/index.php\/wp-json\/wp\/v2\/media\/13436"}],"wp:attachment":[{"href":"https:\/\/eenergetica.com.ar\/index.php\/wp-json\/wp\/v2\/media?parent=13435"}],"wp:term":[{"taxonomy":"category","embeddable":true,"href":"https:\/\/eenergetica.com.ar\/index.php\/wp-json\/wp\/v2\/categories?post=13435"},{"taxonomy":"post_tag","embeddable":true,"href":"https:\/\/eenergetica.com.ar\/index.php\/wp-json\/wp\/v2\/tags?post=13435"}],"curies":[{"name":"wp","href":"https:\/\/api.w.org\/{rel}","templated":true}]}}