{"id":13432,"date":"2022-06-26T14:28:06","date_gmt":"2022-06-26T17:28:06","guid":{"rendered":"http:\/\/eenergetica.com.ar\/?p=13432"},"modified":"2022-06-26T14:28:07","modified_gmt":"2022-06-26T17:28:07","slug":"los-cuestionamientos-de-cristina-kirchner-la-falta-de-apoyo-a-alberto-fernandez-y-el-futuro-del-gobierno","status":"publish","type":"post","link":"https:\/\/eenergetica.com.ar\/index.php\/2022\/06\/26\/los-cuestionamientos-de-cristina-kirchner-la-falta-de-apoyo-a-alberto-fernandez-y-el-futuro-del-gobierno\/","title":{"rendered":"LOS CUESTIONAMIENTOS DE CRISTINA KIRCHNER, LA FALTA DE APOYO A ALBERTO FERN\u00c1NDEZ Y EL FUTURO DEL GOBIERNO"},"content":{"rendered":"\n<p><strong>La vicepresidenta Cristina Kirchner abri\u00f3 un nuevo cap\u00edtulo en la interna del Frente de Todos que parec\u00eda haber conquistado una tregua moment\u00e1nea tras el pedido de renuncia del mandatario nacional, Alberto Fern\u00e1ndez, a uno de los ministros de su entorno, Mat\u00edas Kulfas.<\/strong><\/p>\n\n\n\n<p>&nbsp; &nbsp;Es que el lunes, Cristina habl\u00f3, y como siempre dej\u00f3 secuelas.<\/p>\n\n\n\n<p>&nbsp;&nbsp; Durante su discurso pronunciado en el plenario de la CTA Avellaneda cuestion\u00f3, una vez m\u00e1s, la gesti\u00f3n de Alberto Fern\u00e1ndez: esta vez apunt\u00f3 contra los movimientos sociales, pero tambi\u00e9n contra su blanco preferido, el titular de Econom\u00eda, Mart\u00edn Guzm\u00e1n.<\/p>\n\n\n\n<p>&nbsp;&nbsp; La cr\u00edtica no fue aislada, y la lista de funcionarios a los que la ex mandataria le baj\u00f3 el pulgar no concluye ah\u00ed.<\/p>\n\n\n\n<p>&nbsp;&nbsp; Se suman tambi\u00e9n Mercedes Marc\u00f3 del Pont y Miguel Pesce, se\u00f1alados por la titular del Senado tras denunciar falta de coordinaci\u00f3n entre la AFIP, el Banco Central y el Ministerio de Desarrollo Productivo en el monitoreo de importaciones.&nbsp;.<\/p>\n\n\n\n<p>&nbsp;&nbsp; Una vez m\u00e1s, la ofensiva de la Vicepresidenta dej\u00f3 entrever la falta de apoyos del mandatario para desempe\u00f1ar su plan econ\u00f3mico y continuar la gesti\u00f3n de manera ordenada.<\/p>\n\n\n\n<p>&nbsp;&nbsp; Ante este panorama, los votantes reclaman medidas para combatir la escalada inflacionaria que les permita llegar a fin de mes.<\/p>\n\n\n\n<p>&nbsp;&nbsp; En este mapa, los movimientos sociales operan como el principal respaldo de un Presidente cada d\u00eda m\u00e1s aislado.&nbsp;.<\/p>\n\n\n\n<p>&nbsp;&nbsp; En esas l\u00edneas aparece el Movimiento Evita, cuya direcci\u00f3n responde de manera directa al jefe de Estado, con la conformaci\u00f3n de un partido integrado por movimientos sociales.&nbsp;.<\/p>\n\n\n\n<p>&nbsp;&nbsp; &#8220;Despu\u00e9s del discurso de Cristina lo que se apur\u00f3 es la conformaci\u00f3n del partido de los movimientos sociales.&nbsp;Van a formar un espacio pol\u00edtico y electoral,&nbsp;que no va a ser integrado solamente por el Movimiento Evita&#8221;, resaltaron a NA fuentes del espacio.<\/p>\n\n\n\n<p>&nbsp;&nbsp; Y detallaron:&nbsp;&nbsp;&#8220;Si Alberto (Fern\u00e1ndez) va por la reelecci\u00f3n se lo va a acompa\u00f1ar y si no juega van a pedir que haya PASO, donde se presentar\u00e1 un candidato propio&#8221;.<\/p>\n\n\n\n<p>&nbsp;&nbsp; Del otro lado, el kirchnerismo duro, que no est\u00e1 dispuesto a compartir esa representatividad, sali\u00f3 al cruce.<\/p>\n\n\n\n<p>&nbsp;&nbsp; As\u00ed lo hizo el secretario general de La C\u00e1mpora y vocero del sector, Andr\u00e9s &#8220;El Cuervo&#8221; Larroque, quien defini\u00f3 al dirigente Emilio P\u00e9rsico como &#8220;el encargado de operar&#8221; al Presidente contra su vice.&nbsp;.<\/p>\n\n\n\n<p>&nbsp;&nbsp; &#8220;\u00bfA qui\u00e9n votan los humildes? No votan a P\u00e9rsico, no nos confundamos. La representaci\u00f3n de las mayor\u00edas populares en Argentina no es Emilio P\u00e9rsico. Lamentablemente Emilio P\u00e9rsico fue la persona que m\u00e1s influy\u00f3 para poner a Alberto (Fern\u00e1ndez) en tensi\u00f3n con Cristina, lo tengo que decir con absoluta claridad&#8221;, sentenci\u00f3 Larroque en declaraciones radiales.<\/p>\n\n\n\n<p>&nbsp;&nbsp; En la misma l\u00ednea complet\u00f3: &#8220;No eximo de responsabilidad al Presidente en este error garrafal que cometi\u00f3 respecto a cu\u00e1l debe ser la orientaci\u00f3n pol\u00edtica del Frente de Todos, del gobierno.<\/p>\n\n\n\n<p>&nbsp;&nbsp;Estamos en un atolladero hace mucho tiempo y cada d\u00eda que pasa se torna m\u00e1s dif\u00edcil&#8221;.<\/p>\n\n\n\n<p>&nbsp;&nbsp; Tras los cuestionamientos de Cristina Kirchner en Avellaneda, el mandatario resalt\u00f3 la tarea del sector que lo respalda y les agradeci\u00f3 el acompa\u00f1amiento.<\/p>\n\n\n\n<p>&nbsp;&nbsp; En la misma l\u00ednea, fuentes oficiales descartaron nuevos cambios en el gabinete a pesar del malestar expresado por la ex mandataria.<\/p>\n\n\n\n<p>&nbsp;&nbsp; M\u00e1s all\u00e1 de qui\u00e9n tiene la manija en la administraci\u00f3n de los planes sociales, lo que esconde el ataque a los movimientos puede comprenderse tambi\u00e9n en claves electorales.<\/p>\n\n\n\n<p>&nbsp;&nbsp; Fracturar la base social que sostiene a Fern\u00e1ndez parece el camino que transita la vice, porque adem\u00e1s de cuestionar la idea de su reelecci\u00f3n, todos quieren hacerse del Conurbano.&nbsp;.<\/p>\n\n\n\n<p>&nbsp;&nbsp; Para 2023 todav\u00eda queda un trecho por recorrer, la pregunta que resuena es \u00bfc\u00f3mo llegar\u00e1 el Gobierno? Solo el tiempo lo dir\u00e1.&nbsp;.<\/p>\n","protected":false},"excerpt":{"rendered":"<p>La vicepresidenta Cristina Kirchner abri\u00f3 un nuevo cap\u00edtulo en la interna del Frente de Todos que parec\u00eda haber conquistado una tregua moment\u00e1nea tras el pedido de renuncia del mandatario nacional,&hellip; <\/p>\n","protected":false},"author":2,"featured_media":13433,"comment_status":"closed","ping_status":"open","sticky":false,"template":"","format":"standard","meta":{"footnotes":""},"categories":[20],"tags":[26],"class_list":["post-13432","post","type-post","status-publish","format-standard","has-post-thumbnail","hentry","category-politica","tag-destacada"],"_links":{"self":[{"href":"https:\/\/eenergetica.com.ar\/index.php\/wp-json\/wp\/v2\/posts\/13432","targetHints":{"allow":["GET"]}}],"collection":[{"href":"https:\/\/eenergetica.com.ar\/index.php\/wp-json\/wp\/v2\/posts"}],"about":[{"href":"https:\/\/eenergetica.com.ar\/index.php\/wp-json\/wp\/v2\/types\/post"}],"author":[{"embeddable":true,"href":"https:\/\/eenergetica.com.ar\/index.php\/wp-json\/wp\/v2\/users\/2"}],"replies":[{"embeddable":true,"href":"https:\/\/eenergetica.com.ar\/index.php\/wp-json\/wp\/v2\/comments?post=13432"}],"version-history":[{"count":1,"href":"https:\/\/eenergetica.com.ar\/index.php\/wp-json\/wp\/v2\/posts\/13432\/revisions"}],"predecessor-version":[{"id":13434,"href":"https:\/\/eenergetica.com.ar\/index.php\/wp-json\/wp\/v2\/posts\/13432\/revisions\/13434"}],"wp:featuredmedia":[{"embeddable":true,"href":"https:\/\/eenergetica.com.ar\/index.php\/wp-json\/wp\/v2\/media\/13433"}],"wp:attachment":[{"href":"https:\/\/eenergetica.com.ar\/index.php\/wp-json\/wp\/v2\/media?parent=13432"}],"wp:term":[{"taxonomy":"category","embeddable":true,"href":"https:\/\/eenergetica.com.ar\/index.php\/wp-json\/wp\/v2\/categories?post=13432"},{"taxonomy":"post_tag","embeddable":true,"href":"https:\/\/eenergetica.com.ar\/index.php\/wp-json\/wp\/v2\/tags?post=13432"}],"curies":[{"name":"wp","href":"https:\/\/api.w.org\/{rel}","templated":true}]}}