{"id":13324,"date":"2022-06-22T09:53:53","date_gmt":"2022-06-22T12:53:53","guid":{"rendered":"http:\/\/eenergetica.com.ar\/?p=13324"},"modified":"2022-06-22T09:53:53","modified_gmt":"2022-06-22T12:53:53","slug":"afip-posterga-ejecuciones-de-deuda-de-empresas-de-2015","status":"publish","type":"post","link":"https:\/\/eenergetica.com.ar\/index.php\/2022\/06\/22\/afip-posterga-ejecuciones-de-deuda-de-empresas-de-2015\/","title":{"rendered":"AFIP POSTERGA EJECUCIONES DE DEUDA DE EMPRESAS DE 2015"},"content":{"rendered":"\n<p><strong>La Administraci\u00f3n Federal de Ingresos P\u00fablicos (AFIP) volvi\u00f3 a postergar ejecuciones de juicios de empresas beneficiarias del r\u00e9gimen de promoci\u00f3n industrial, con deudas desde 2015.<\/strong><\/p>\n\n\n\n<p>&nbsp; &nbsp;&#8220;El plazo de suspensi\u00f3n de las ejecuciones fiscales relacionadas con deudas de empresas beneficiarias del R\u00e9gimen de Promoci\u00f3n Industrial fue prorrogado hasta el 30 de junio de 2023, inclusive. La decisi\u00f3n apunta a favorecer la recuperaci\u00f3n de las pymes y el sostenimiento de los puestos de trabajo&#8221;, inform\u00f3 la AFIP.<\/p>\n\n\n\n<p>&nbsp;&nbsp; El comunicado oficial indic\u00f3 que &#8220;las deudas alcanzadas son aquellas generadas hasta el per\u00edodo fiscal 2015, cualquiera sea el estado en que se encuentren&#8221;.<\/p>\n\n\n\n<p>&nbsp;&nbsp; &#8220;Son las que se hayan originado por el usufructo de una cantidad de bonos de cr\u00e9dito fiscal superior al reconocido que hubiera sido acreditado en el marco de un proceso judicial cuyo resultado finalmente fue adverso a las beneficiarias del citado r\u00e9gimen&#8221;, manifest\u00f3 el comunicado.<\/p>\n\n\n\n<p>&nbsp;&nbsp; El organismo se\u00f1al\u00f3 que &#8220;el procedimiento determina que para acceder a la condonaci\u00f3n las empresas beneficiadas deber\u00e1n solicitar la emisi\u00f3n del Certificado de Cumplimiento Promocional, por lo que la pr\u00f3rroga establecida permitir\u00e1 contar mayor tiempo para su emisi\u00f3n, revisi\u00f3n y evaluaci\u00f3n&#8221;.<\/p>\n\n\n\n<p>&nbsp;&nbsp; Se trata de un grupo de empresas que en 2015 decidi\u00f3 hacer un ajuste por inflaci\u00f3n de los montos declarados de las facturas por inversiones contempladas en el r\u00e9gimen, algo que la AFIP no reconoci\u00f3.<\/p>\n","protected":false},"excerpt":{"rendered":"<p>La Administraci\u00f3n Federal de Ingresos P\u00fablicos (AFIP) volvi\u00f3 a postergar ejecuciones de juicios de empresas beneficiarias del r\u00e9gimen de promoci\u00f3n industrial, con deudas desde 2015. &nbsp; &nbsp;&#8220;El plazo de suspensi\u00f3n&hellip; <\/p>\n","protected":false},"author":2,"featured_media":0,"comment_status":"closed","ping_status":"open","sticky":false,"template":"","format":"standard","meta":{"footnotes":""},"categories":[20],"tags":[],"class_list":["post-13324","post","type-post","status-publish","format-standard","hentry","category-politica"],"_links":{"self":[{"href":"https:\/\/eenergetica.com.ar\/index.php\/wp-json\/wp\/v2\/posts\/13324","targetHints":{"allow":["GET"]}}],"collection":[{"href":"https:\/\/eenergetica.com.ar\/index.php\/wp-json\/wp\/v2\/posts"}],"about":[{"href":"https:\/\/eenergetica.com.ar\/index.php\/wp-json\/wp\/v2\/types\/post"}],"author":[{"embeddable":true,"href":"https:\/\/eenergetica.com.ar\/index.php\/wp-json\/wp\/v2\/users\/2"}],"replies":[{"embeddable":true,"href":"https:\/\/eenergetica.com.ar\/index.php\/wp-json\/wp\/v2\/comments?post=13324"}],"version-history":[{"count":1,"href":"https:\/\/eenergetica.com.ar\/index.php\/wp-json\/wp\/v2\/posts\/13324\/revisions"}],"predecessor-version":[{"id":13325,"href":"https:\/\/eenergetica.com.ar\/index.php\/wp-json\/wp\/v2\/posts\/13324\/revisions\/13325"}],"wp:attachment":[{"href":"https:\/\/eenergetica.com.ar\/index.php\/wp-json\/wp\/v2\/media?parent=13324"}],"wp:term":[{"taxonomy":"category","embeddable":true,"href":"https:\/\/eenergetica.com.ar\/index.php\/wp-json\/wp\/v2\/categories?post=13324"},{"taxonomy":"post_tag","embeddable":true,"href":"https:\/\/eenergetica.com.ar\/index.php\/wp-json\/wp\/v2\/tags?post=13324"}],"curies":[{"name":"wp","href":"https:\/\/api.w.org\/{rel}","templated":true}]}}