{"id":13318,"date":"2022-06-22T09:29:28","date_gmt":"2022-06-22T12:29:28","guid":{"rendered":"http:\/\/eenergetica.com.ar\/?p=13318"},"modified":"2022-06-22T09:29:28","modified_gmt":"2022-06-22T12:29:28","slug":"scioli-recorrio-las-sedes-de-uia-y-cgera-con-agenda-de-importaciones-divisas-y-energia-y-prometio-apoyo","status":"publish","type":"post","link":"https:\/\/eenergetica.com.ar\/index.php\/2022\/06\/22\/scioli-recorrio-las-sedes-de-uia-y-cgera-con-agenda-de-importaciones-divisas-y-energia-y-prometio-apoyo\/","title":{"rendered":"SCIOLI RECORRI\u00d3 LAS SEDES DE UIA Y CGERA CON AGENDA DE IMPORTACIONES, DIVISAS Y ENERG\u00cdA Y PROMETI\u00d3 APOYO"},"content":{"rendered":"\n<p><strong>En un gesto de acercamiento, el ministro de Desarrollo Productivo, Daniel Scioli, recorri\u00f3 ayer sedes industriales para tomar contacto directo con la problem\u00e1tica tanto de las grandes como de las peque\u00f1as y medianas empresas y prometi\u00f3 apoyo a todos los procesos productivos.&nbsp;<\/strong><\/p>\n\n\n\n<p>&nbsp; &nbsp;El flamante funcionario prefiri\u00f3 salir de su despacho y convertirse en visita en lugar de ser anfitri\u00f3n lo que fue bien recibido por las autoridades de la Uni\u00f3n Industrial Argentina (UIA) y la Confederaci\u00f3n General Empresaria de la Rep\u00fablica Argentina (CGERA), las primeras instituciones a las que se acerc\u00f3.<\/p>\n\n\n\n<p>&nbsp;&nbsp; La problem\u00e1tica es diferente para cada uno de los segmentos industriales ya que mientras en la UIA el foco es el acceso al mercado de divisas y la energ\u00eda, en el sector pyme la preocupaci\u00f3n mayor pasa por la inflaci\u00f3n, el consumo interno y el acceso al cr\u00e9dito.<\/p>\n\n\n\n<p>&nbsp;&nbsp; Scioli tambi\u00e9n fue con su punteo con el tema de importaciones como primer \u00edtem.<br>&nbsp;&nbsp; Si bien desde el gobierno lo niegan, los todos los industriales ya saben que una de las misiones del ex gobernador de Buenos Aires es que no se gaste ni un solo d\u00f3lar m\u00e1s que no sea en producci\u00f3n.<\/p>\n\n\n\n<p>&nbsp;&nbsp; &#8220;En el marco del encuentro se abordaron la evoluci\u00f3n de la actividad industrial en el primer semestre, el impulso a la inversi\u00f3n productiva, el acceso a divisas para la importaci\u00f3n de insumos, la provisi\u00f3n de energ\u00eda para la industria y las iniciativas para potenciar las exportaciones con valor agregado&#8221;, se\u00f1al\u00f3 la UIA en un comunicado luego del encuentro que fue encabezado por el presidente de la entidad, Daniel Funes de Rioja.<\/p>\n\n\n\n<p>&nbsp;&nbsp; &#8220;Es importante que podamos acercarle al ministro la voz propositiva de los industriales en materia de desaf\u00edos y dificultades del entramados productivo federal&#8221;, afirm\u00f3 Funes de Rioja.<\/p>\n\n\n\n<p>&nbsp;&nbsp; Sobre su encuentro con la UIA, Scioli destac\u00f3 que &#8220;la industria tiene las soluciones que el pa\u00eds necesita&#8221;.<\/p>\n\n\n\n<p>&nbsp;&nbsp; La UIA comparti\u00f3 con Scioli y su equipo &#8220;Propuestas para un desarrollo productivo federal, sustentable e inclusivo&#8221;.<\/p>\n\n\n\n<p>&nbsp;&nbsp; Tal vez uno de los puntos m\u00e1s relevantes que la los equipos t\u00e9cnicos de ambas partes se comprometieron a trabajar en conjunto.<\/p>\n\n\n\n<p>&nbsp;&nbsp; M\u00e1s tarde, Scioli fue recibido por la Confederaci\u00f3n General Empresaria de la Rep\u00fablica Argentina (CGERA), encabezada por Marcelo Fern\u00e1ndez.<\/p>\n\n\n\n<p>&nbsp;&nbsp; Tras ese encuentro el ministro sostuvo: &#8220;Hay indicadores muy positivos en cuanto a la recuperaci\u00f3n industrial y ahora el desaf\u00edo que tenemos es c\u00f3mo acompa\u00f1ar el crecimiento de las empresas, principalmente las peque\u00f1as y medianas, porque ese es el crecimiento del pa\u00eds&#8221;.<\/p>\n\n\n\n<p>&nbsp;&nbsp; Por su parte, Fern\u00e1ndez, sostuvo que &nbsp;&#8220;vamos a seguir trabajando en conjunto para beneficio de la producci\u00f3n y del trabajo nacional. Estamos muy conformes con la reuni\u00f3n&#8221;.<\/p>\n","protected":false},"excerpt":{"rendered":"<p>En un gesto de acercamiento, el ministro de Desarrollo Productivo, Daniel Scioli, recorri\u00f3 ayer sedes industriales para tomar contacto directo con la problem\u00e1tica tanto de las grandes como de las&hellip; <\/p>\n","protected":false},"author":2,"featured_media":13319,"comment_status":"closed","ping_status":"open","sticky":false,"template":"","format":"standard","meta":{"footnotes":""},"categories":[21],"tags":[],"class_list":["post-13318","post","type-post","status-publish","format-standard","has-post-thumbnail","hentry","category-economia"],"_links":{"self":[{"href":"https:\/\/eenergetica.com.ar\/index.php\/wp-json\/wp\/v2\/posts\/13318","targetHints":{"allow":["GET"]}}],"collection":[{"href":"https:\/\/eenergetica.com.ar\/index.php\/wp-json\/wp\/v2\/posts"}],"about":[{"href":"https:\/\/eenergetica.com.ar\/index.php\/wp-json\/wp\/v2\/types\/post"}],"author":[{"embeddable":true,"href":"https:\/\/eenergetica.com.ar\/index.php\/wp-json\/wp\/v2\/users\/2"}],"replies":[{"embeddable":true,"href":"https:\/\/eenergetica.com.ar\/index.php\/wp-json\/wp\/v2\/comments?post=13318"}],"version-history":[{"count":1,"href":"https:\/\/eenergetica.com.ar\/index.php\/wp-json\/wp\/v2\/posts\/13318\/revisions"}],"predecessor-version":[{"id":13320,"href":"https:\/\/eenergetica.com.ar\/index.php\/wp-json\/wp\/v2\/posts\/13318\/revisions\/13320"}],"wp:featuredmedia":[{"embeddable":true,"href":"https:\/\/eenergetica.com.ar\/index.php\/wp-json\/wp\/v2\/media\/13319"}],"wp:attachment":[{"href":"https:\/\/eenergetica.com.ar\/index.php\/wp-json\/wp\/v2\/media?parent=13318"}],"wp:term":[{"taxonomy":"category","embeddable":true,"href":"https:\/\/eenergetica.com.ar\/index.php\/wp-json\/wp\/v2\/categories?post=13318"},{"taxonomy":"post_tag","embeddable":true,"href":"https:\/\/eenergetica.com.ar\/index.php\/wp-json\/wp\/v2\/tags?post=13318"}],"curies":[{"name":"wp","href":"https:\/\/api.w.org\/{rel}","templated":true}]}}