{"id":13198,"date":"2022-06-17T14:54:53","date_gmt":"2022-06-17T17:54:53","guid":{"rendered":"http:\/\/eenergetica.com.ar\/?p=13198"},"modified":"2022-06-17T15:11:28","modified_gmt":"2022-06-17T18:11:28","slug":"el-oficialismo-saco-musculo-en-la-ultima-sesion-y-se-disipo-el-espejismo-de-una-nueva-mayoria-opositora","status":"publish","type":"post","link":"https:\/\/eenergetica.com.ar\/index.php\/2022\/06\/17\/el-oficialismo-saco-musculo-en-la-ultima-sesion-y-se-disipo-el-espejismo-de-una-nueva-mayoria-opositora\/","title":{"rendered":"EL OFICIALISMO SAC\u00d3 M\u00daSCULO EN LA \u00daLTIMA SESI\u00d3N Y SE DISIP\u00d3 EL ESPEJISMO DE UNA &#8220;NUEVA MAYOR\u00cdA&#8221; OPOSITORA"},"content":{"rendered":"\n<p><strong>Si les quedaba algo de resto despu\u00e9s de casi 16 horas ininterrumpidas de sesi\u00f3n, el jefe del bloque del Frente de Todos, Germ\u00e1n Mart\u00ednez, y el presidente de la C\u00e1mara de Diputados, Sergio Massa, deben haber celebrado en la madrugada del jueves.<\/strong><\/p>\n\n\n\n<p>&nbsp; &nbsp;El ex intendente de Tigre, que le habla principalmente a la clase media mientras deja que La C\u00e1mpora y Juan Grabois le hablen a los m\u00e1s pobres y excluidos, sali\u00f3 fortalecido luego de que su iniciativa de &#8220;alivio fiscal&#8221; para monotributistas haya conseguido la media sanci\u00f3n por unanimidad del cuerpo.<\/p>\n\n\n\n<p>&nbsp;&nbsp; La oposici\u00f3n tambi\u00e9n contribuy\u00f3 y mucho para que la versi\u00f3n final que llegar\u00e1 al Senado sea bastante superadora de la propuesta inicial.<\/p>\n\n\n\n<p>&nbsp;&nbsp; En el reparto de los m\u00e9ritos cada sector atendi\u00f3 su juego.<br>&nbsp;&nbsp;Cuando le toc\u00f3 intervenir, el titular de la bancada radical, Mario Negri, fue el encargado de comunicar que Juntos por el Cambio acompa\u00f1ar\u00eda el dictamen, una posici\u00f3n que no estuvo decidida hasta bien entrada la sesi\u00f3n, por la dispersi\u00f3n de posturas en el interbloque opositor.<\/p>\n\n\n\n<p>&nbsp;&nbsp; Pero aclar\u00f3 que acompa\u00f1aban luego de un proceso arduo de negociaciones que empez\u00f3 con una propuesta -seg\u00fan sus propias palabras- &#8220;pijotera&#8221; por parte del oficialismo.<\/p>\n\n\n\n<p>&nbsp;&nbsp; Esa fue su forma singular de dejar testimonio de que si el proyecto hab\u00eda evolucionado favorablemente hab\u00eda sido \u00fanicamente por obra y gracia de la oposici\u00f3n, que presion\u00f3 fuerte y forz\u00f3 al oficialismo a hacer concesiones a rega\u00f1adientes.&nbsp;.<\/p>\n\n\n\n<p>&nbsp;&nbsp; Desde el oficialismo contrapusieron otro relato: pusieron \u00e9nfasis en que hubieron sectores internos que m\u00e1s silenciosamente trabajaron en la b\u00fasqueda de consensos para mejorar la letra de la norma.<\/p>\n\n\n\n<p>&nbsp;&nbsp; De hecho, dejaron trascender que Leandro Santoro hizo un minucioso trabajo de hormiga desde hace meses para convencer a sus pares de la necesidad de acordar con la oposici\u00f3n una mayor profundidad en el alivio fiscal para monotributistas y aut\u00f3nomos.<\/p>\n\n\n\n<p>&nbsp;&nbsp; Otro que colabor\u00f3 en la b\u00fasqueda de s\u00edntesis fue Alejandro &#8220;Topo&#8221; Rodr\u00edguez (Identidad Bonaerense), en representaci\u00f3n del interbloque Federal. En las negociaciones &#8220;rosquearon&#8221; por el lado del oficialismo el propio Massa, Carlos Heller, Santoro y M\u00f3nica Litza, quien como coautora del proyecto se gan\u00f3 el derecho a ser la miembro informante del dictamen de mayor\u00eda (en lugar de Heller, quien suele ser la voz cantante del Frente de Todos en temas econ\u00f3micos).<\/p>\n\n\n\n<p>&nbsp;&nbsp; Por el lado de la oposici\u00f3n estuvieron Negri, Rodr\u00edguez, Luciano Laspina (PRO) y Alejandro Cacace (Evoluci\u00f3n radical), quien hab\u00eda sido el autor del dictamen de minor\u00eda que conten\u00eda una propuesta m\u00e1s ambiciosa en t\u00e9rminos de beneficios fiscales.&nbsp;.<\/p>\n\n\n\n<p>&nbsp;&nbsp; M\u00e1s all\u00e1 de que cada una de las fuerzas intent\u00f3 llevar agua para su propio molino en la atribuci\u00f3n de m\u00e9ritos por la media sanci\u00f3n por unanimidad, lo concreto es que&nbsp;fue una se\u00f1al sana y una demostraci\u00f3n de altura democr\u00e1tica de parte de todas las fuerzas, que lograron deponer sus diferencias pol\u00edticas y cedieron parte de sus pretensiones de m\u00e1xima para construir la mejor ley posible,&nbsp; en un contexto de hemorragia en el poder adquisitivo de la sociedad.&nbsp;.<\/p>\n\n\n\n<p>&nbsp;&nbsp; La contundencia del resultado de la votaci\u00f3n por unanimidad le mete una sana presi\u00f3n al Senado&nbsp;para que trate r\u00e1pidamente el tema (si fuera posible sobre tablas para no esperar los tiempos ordinarios) y lo convierta en ley cuanto antes.<\/p>\n\n\n\n<p>&nbsp;&nbsp; Con la votaci\u00f3n de &#8220;alivio fiscal&#8221; se cerr\u00f3 el tel\u00f3n de la primera parte y se volvi\u00f3 a abrir con el debate por la pr\u00f3rroga por 50 a\u00f1os del r\u00e9gimen especial para industrias culturales.<\/p>\n\n\n\n<p>&nbsp;&nbsp; Si la semana pasada fue la oposici\u00f3n la que capitaliz\u00f3 &#8220;la grieta&#8221; alz\u00e1ndose con una victoria p\u00edrrica con 132 votos para&nbsp;lograr la media sanci\u00f3n de Boleta \u00danica de Papel, en esta oportunidad la taba se dio vuelta: 132 votos para el oficialismo y sus aliados circunstanciales.<\/p>\n\n\n\n<p>&nbsp;&nbsp; Este resultado desbarat\u00f3 la tesis que con tanto entusiasmo hab\u00eda proclamado Florencio Randazzo en la sesi\u00f3n pasada sobre el surgimiento de una &#8220;nueva mayor\u00eda&#8221; opositora.<\/p>\n\n\n\n<p>&nbsp;&nbsp; Sectores de Juntos por el Cambio tambi\u00e9n se hab\u00edan empezado a ilusionar con un escenario de esas caracter\u00edsticas, en base a una correlaci\u00f3n de fuerzas favorable.<\/p>\n\n\n\n<p>&nbsp;&nbsp; Pero la votaci\u00f3n de Industrias Culturales disip\u00f3 el espejismo y confirm\u00f3 que la construcci\u00f3n de mayor\u00edas, tanto para el oficialismo como para Juntos por el Cambio, fue, es y ser\u00e1 tema por tema y sesi\u00f3n por sesi\u00f3n, al menos hasta fines del a\u00f1o que viene cuando haya un recambio legislativo.<\/p>\n\n\n\n<p>&nbsp;&nbsp; Como sea, el Frente de Todos, que ven\u00eda de sufrir un duro rev\u00e9s con Boleta \u00danica, enderez\u00f3 la cancha y sali\u00f3 airoso.<\/p>\n\n\n\n<p>&nbsp;&nbsp; El debate sobre el r\u00e9gimen de Industrias Culturales, como se dijo m\u00e1s arriba, reinstal\u00f3 la grieta en todo su esplendor, una vez m\u00e1s. Era&nbsp;un tema que se sab\u00eda que iba a levantar polvoreda porque la oposici\u00f3n hab\u00eda adelantado que rechazaba el plazo hasta 2072.<\/p>\n\n\n\n<p>&nbsp;&nbsp; Sin embargo, no hubo una pelea tan fuerte en la antesala que permitiera presagiar ese&nbsp;estado de \u00e1nimo beligerante&nbsp;que se apoder\u00f3 del recinto.<\/p>\n\n\n\n<p>&nbsp;&nbsp; \u00bfQu\u00e9 es lo que ocurri\u00f3 para que se electrificara el ambiente en la sesi\u00f3n? Decenas de artistas del \u00e1mbito del cine, del teatro, de la m\u00fasica y de otras disciplinas colmaron las gradas del recinto y le pusieron \u00e9pica militante al debate, como en los mejores tiempos del kirchnerismo.<\/p>\n\n\n\n<p>&nbsp;&nbsp; Esa efervescencia alter\u00f3 los \u00e1nimos de oficialistas y opositores, que se dejaron llevar por ese clima pasional. Algunos de los artistas que se dejaron ver en los palcos fueron&nbsp;V\u00edctor Laplace, Carolina Papaleo, Juan Palomino y Luisa Kuliok. Pablo Echarri estuvo en las inmediaciones del Congreso y hab\u00eda sido uno de los principales convocantes al mit\u00edn parlamentario.<\/p>\n\n\n\n<p>&nbsp;&nbsp; La oposici\u00f3n pas\u00f3 de un momento a otro a jugar de visitante, sintiendo el rigor de esa tribuna militante de la cultura.<\/p>\n\n\n\n<p>&nbsp;&nbsp; Los artistas estuvieron muy efusivos durante la sesi\u00f3n arengando&nbsp;en todo momento a los oradores que apoyaban al proyecto y en cambio&nbsp;abucheando&nbsp;a los que planteaban objeciones.<\/p>\n\n\n\n<p>&nbsp;&nbsp; El blanco predilecto fue el macrista Hern\u00e1n Lombardi, el ex titular del sistema de Medios P\u00fablicos durante el Gobierno de Cambiemos. Claramente el tambi\u00e9n ex ministro de la Alianza no dej\u00f3 el mejor recuerdo en la comunidad art\u00edstica por los despidos masivos en medios e instituciones culturales. Tambi\u00e9n lo responsabilizaron de&nbsp;la firma del pacto fiscal que le puso plazo a las asignaciones espec\u00edficas que, sin una pr\u00f3rroga, iban a caer el 31 de diciembre.&nbsp;.<\/p>\n\n\n\n<p>&nbsp;&nbsp; Los trabajadores de la cultura, muchos de ellos emparentados con el kirchnerismo, le cayeron muy fuerte a Lombardi con gritos, chiflidos y tambi\u00e9n se escap\u00f3 alg\u00fan insulto. El momento m\u00e1s \u00e1lgido fue cuando el ex funcionario macrista habl\u00f3 de su negativa a seguir&nbsp;alimentando &#8220;burocracias&#8221; en los institutos p\u00fablicos&nbsp;vinculados a la cultura.<\/p>\n\n\n\n<p>&nbsp;&nbsp; Por los abucheos generalizados en su contra, Lombardi lleg\u00f3 al punto de pedirle a Jos\u00e9 Luis&nbsp;Gioja,&nbsp;quien en ese momento estaba presidiendo la sesi\u00f3n, que&nbsp;desalojara a los artistas. Obviamente, nada de eso sucedi\u00f3 y el show continu\u00f3.<\/p>\n\n\n\n<p>&nbsp;&nbsp; Con Fernando Iglesias pas\u00f3 algo parecido: lo interrumpieron varias veces mientras daba su discurso. Por supuesto que el ultramacrista tambi\u00e9n hizo lo suyo en la provocaci\u00f3n, como para no perder la costumbre, escupiendo pestes sobre el peronismo y marcando aquella d\u00e9cada de los 40 como&nbsp;el inicio de la decadencia del arte y la cultura argentina, que hasta entonces, seg\u00fan dijo, era admirada en todo el mundo hispanoparlante.<\/p>\n\n\n\n<p>&nbsp;&nbsp; Tambi\u00e9n habl\u00f3 de la cooptaci\u00f3n de artistas por parte del kirchnerismo para hacer pol\u00edtica partidaria, y&nbsp;lo parangon\u00f3 con lo que hac\u00edan los dictadores Mussolini, Hitler y Stalin.<\/p>\n\n\n\n<p>&nbsp;&nbsp; Sobre el final, la polit\u00f3loga macrista Sabrina Ajmechet, visiblemente desencajada por el contexto de animosidad contra Juntos por el Cambio, lleg\u00f3 a pedir&nbsp;lisa y llanamente que se eliminara la Defensor\u00eda del P\u00fablico de Medios de Comunicaci\u00f3n Audiovisual por considerar dicha dependencia como una suerte de usina de pensamiento \u00fanico y de censura y persecuci\u00f3n ideol\u00f3gica contra los opositores.<\/p>\n\n\n\n<p>&nbsp;&nbsp; En la votaci\u00f3n, Juntos por el Cambio se abstuvo, pero se desmarcaron los ultramacristas Fernando Iglesias y Francisco S\u00e1nchez, que votaron en contra junto a los liberales Jos\u00e9 Luis&nbsp;Espert, Carolina P\u00edparo y Victoria Villarroel.<\/p>\n\n\n\n<p>&nbsp; &nbsp;Javier Milei no pudo darse el gusto de votar en contra de una ley de financiamiento a la cultura porque estaba m\u00e1s entretenido haciendo campa\u00f1a en Colombia por el candidato de la ultraderecha Rodolfo Hern\u00e1ndez, quien se jugar\u00e1 su suerte en el ballotage que lo enfrentar\u00e1 al izquierdista Gustavo Petro.<\/p>\n\n\n\n<p>&nbsp; &nbsp;Otro dato llamativo que dej\u00f3 la sesi\u00f3n: hubo muchos ausentes de renombre pertenecientes a Juntos por el Cambio, como Rogelio Frigerio, Diego Santilli, Ricardo L\u00f3pez Murphy y Cristian Ritondo.<br>&nbsp;&nbsp;Los radicales y la Coalici\u00f3n C\u00edvica s\u00ed estuvieron en su gran mayor\u00eda.<\/p>\n","protected":false},"excerpt":{"rendered":"<p>Si les quedaba algo de resto despu\u00e9s de casi 16 horas ininterrumpidas de sesi\u00f3n, el jefe del bloque del Frente de Todos, Germ\u00e1n Mart\u00ednez, y el presidente de la C\u00e1mara&hellip; <\/p>\n","protected":false},"author":2,"featured_media":13199,"comment_status":"closed","ping_status":"open","sticky":false,"template":"","format":"standard","meta":{"footnotes":""},"categories":[20],"tags":[26],"class_list":["post-13198","post","type-post","status-publish","format-standard","has-post-thumbnail","hentry","category-politica","tag-destacada"],"_links":{"self":[{"href":"https:\/\/eenergetica.com.ar\/index.php\/wp-json\/wp\/v2\/posts\/13198","targetHints":{"allow":["GET"]}}],"collection":[{"href":"https:\/\/eenergetica.com.ar\/index.php\/wp-json\/wp\/v2\/posts"}],"about":[{"href":"https:\/\/eenergetica.com.ar\/index.php\/wp-json\/wp\/v2\/types\/post"}],"author":[{"embeddable":true,"href":"https:\/\/eenergetica.com.ar\/index.php\/wp-json\/wp\/v2\/users\/2"}],"replies":[{"embeddable":true,"href":"https:\/\/eenergetica.com.ar\/index.php\/wp-json\/wp\/v2\/comments?post=13198"}],"version-history":[{"count":1,"href":"https:\/\/eenergetica.com.ar\/index.php\/wp-json\/wp\/v2\/posts\/13198\/revisions"}],"predecessor-version":[{"id":13200,"href":"https:\/\/eenergetica.com.ar\/index.php\/wp-json\/wp\/v2\/posts\/13198\/revisions\/13200"}],"wp:featuredmedia":[{"embeddable":true,"href":"https:\/\/eenergetica.com.ar\/index.php\/wp-json\/wp\/v2\/media\/13199"}],"wp:attachment":[{"href":"https:\/\/eenergetica.com.ar\/index.php\/wp-json\/wp\/v2\/media?parent=13198"}],"wp:term":[{"taxonomy":"category","embeddable":true,"href":"https:\/\/eenergetica.com.ar\/index.php\/wp-json\/wp\/v2\/categories?post=13198"},{"taxonomy":"post_tag","embeddable":true,"href":"https:\/\/eenergetica.com.ar\/index.php\/wp-json\/wp\/v2\/tags?post=13198"}],"curies":[{"name":"wp","href":"https:\/\/api.w.org\/{rel}","templated":true}]}}