{"id":13189,"date":"2022-06-17T14:36:54","date_gmt":"2022-06-17T17:36:54","guid":{"rendered":"http:\/\/eenergetica.com.ar\/?p=13189"},"modified":"2022-06-17T14:36:55","modified_gmt":"2022-06-17T17:36:55","slug":"cerruti-cruzo-a-la-oposicion-por-la-polemica-del-avion-venezolano-cuanta-bajeza-usar-a-los-muertos-de-los-atentados","status":"publish","type":"post","link":"https:\/\/eenergetica.com.ar\/index.php\/2022\/06\/17\/cerruti-cruzo-a-la-oposicion-por-la-polemica-del-avion-venezolano-cuanta-bajeza-usar-a-los-muertos-de-los-atentados\/","title":{"rendered":"CERRUTI CRUZ\u00d3 A LA OPOSICI\u00d3N POR LA POL\u00c9MICA DEL AVI\u00d3N VENEZOLANO: &#8220;CU\u00c1NTA BAJEZA USAR A LOS MUERTOS DE LOS ATENTADOS&#8221;"},"content":{"rendered":"\n<p><strong>La pol\u00e9mica desatada tras el arribo del avi\u00f3n venezolano con tripulaci\u00f3n iran\u00ed sigue dando tela para cortar y profundizando la grieta que separa al Gobierno de la oposici\u00f3n. En conferencia de prensa, y tras ser consultada por el tema, la portavoz presidencial, Gabriela Cerruti, acus\u00f3 a los medios de comunicaci\u00f3n de &#8220;armar una novela period\u00edstica&#8221; del hecho, y fue duramente cuestionada por funcionarios de Juntos por el Cambio.<\/strong><\/p>\n\n\n\n<p>&nbsp; &nbsp;El presidente del bloque del PRO en la C\u00e1mara de Diputados, Cristian Ritondo, critic\u00f3 a la vocera y dio su versi\u00f3n del asunto. En sinton\u00eda con el resto de los integrantes de Juntos por el Cambio, el dirigente opositor asegur\u00f3 que la llegada del avi\u00f3n tiene vinculaci\u00f3n directa con el atentado a la AMIA y la muerte del fiscal Alberto Nisman, y detall\u00f3 que el arribo esconde una relaci\u00f3n del Gobierno con Venezuela e Ir\u00e1n.<\/p>\n\n\n\n<p>&nbsp;&nbsp; &#8220;No es una novela. Es una pel\u00edcula que tuvo dos atentados con 114 muertos, un fiscal federal asesinado, un pacto con Ir\u00e1n, defensa a la dictadura de Venezuela y felicitaciones de (Nicol\u00e1s) Maduro desde Teher\u00e1n&#8221;, expres\u00f3 el ex ministro de Seguridad bonaerense.<\/p>\n\n\n\n<p>&nbsp;&nbsp; Ante ello, Cerruti recogi\u00f3 el guante y arremeti\u00f3 contra Ritondo: &#8220;Cuanta bajeza&#8221;, dispar\u00f3 desde su cuenta de Twitter.<\/p>\n\n\n\n<p>&nbsp;&nbsp; &#8220;Usar a los muertos de los dos atentados m\u00e1s dolorosos de nuestra historia reciente&#8221;, enfatiz\u00f3 la portavoz.<\/p>\n\n\n\n<p>&nbsp;&nbsp; Ritondo no fue el \u00fanico en hacer menci\u00f3n al fallecimiento del fiscal y trazar lazos con la llegada de la tripulaci\u00f3n que est\u00e1 siendo investigada. Tambi\u00e9n lo hizo diputada Mar\u00eda Eugenia Vidal.<\/p>\n\n\n\n<p>&nbsp;&nbsp;&#8220;No es una foto, es una pel\u00edcula donde est\u00e1 el acuerdo del Memor\u00e1ndum del pacto con Ir\u00e1n. Es una pel\u00edcula antes con dos atentados, donde est\u00e1 la muerte de Nisman, donde la semana pasada tuvo al Presidente hablando a favor de Cuba, Venezuela y Nicaragua en Estados Unidos&#8221;, traz\u00f3 Vidal, y agreg\u00f3:<\/p>\n\n\n\n<p>&#8220;Una pel\u00edcula donde Venezuela e Ir\u00e1n acaban de fortalecer su alianza estrat\u00e9gica, tambi\u00e9n la semana pasada&#8221;.<\/p>\n\n\n\n<p>&nbsp;&nbsp; D\u00edas atr\u00e1s, la titular del PRO, Patricia Bullrich denunci\u00f3 que el aterrizaje del Boeing 747-3B3(M) Dreamliner de la empresa Emtrasur responde a una pol\u00edtica de alineamiento del Gobierno con Ir\u00e1n y Venezuela.<\/p>\n\n\n\n<p>&nbsp;&nbsp; La oposici\u00f3n llev\u00f3 el reclamo al Congreso y le exigi\u00f3 al Gobierno que acuda al recinto a dar explicaciones por la llegada del avi\u00f3n con tripulantes iran\u00edes retenido en el aeropuerto de Ezeiza.<\/p>\n\n\n\n<p>&nbsp;&nbsp; El pedido rechazado demandaba la presencia del ministro del Interior, Eduardo &#8220;Wado&#8221; de Pedro, y su par de Seguridad, Alberto Fern\u00e1ndez, y del canciller Santiago Cafiero para dar informaci\u00f3n y explicaciones.<\/p>\n","protected":false},"excerpt":{"rendered":"<p>La pol\u00e9mica desatada tras el arribo del avi\u00f3n venezolano con tripulaci\u00f3n iran\u00ed sigue dando tela para cortar y profundizando la grieta que separa al Gobierno de la oposici\u00f3n. En conferencia&hellip; <\/p>\n","protected":false},"author":2,"featured_media":13190,"comment_status":"closed","ping_status":"open","sticky":false,"template":"","format":"standard","meta":{"footnotes":""},"categories":[20],"tags":[],"class_list":["post-13189","post","type-post","status-publish","format-standard","has-post-thumbnail","hentry","category-politica"],"_links":{"self":[{"href":"https:\/\/eenergetica.com.ar\/index.php\/wp-json\/wp\/v2\/posts\/13189","targetHints":{"allow":["GET"]}}],"collection":[{"href":"https:\/\/eenergetica.com.ar\/index.php\/wp-json\/wp\/v2\/posts"}],"about":[{"href":"https:\/\/eenergetica.com.ar\/index.php\/wp-json\/wp\/v2\/types\/post"}],"author":[{"embeddable":true,"href":"https:\/\/eenergetica.com.ar\/index.php\/wp-json\/wp\/v2\/users\/2"}],"replies":[{"embeddable":true,"href":"https:\/\/eenergetica.com.ar\/index.php\/wp-json\/wp\/v2\/comments?post=13189"}],"version-history":[{"count":1,"href":"https:\/\/eenergetica.com.ar\/index.php\/wp-json\/wp\/v2\/posts\/13189\/revisions"}],"predecessor-version":[{"id":13191,"href":"https:\/\/eenergetica.com.ar\/index.php\/wp-json\/wp\/v2\/posts\/13189\/revisions\/13191"}],"wp:featuredmedia":[{"embeddable":true,"href":"https:\/\/eenergetica.com.ar\/index.php\/wp-json\/wp\/v2\/media\/13190"}],"wp:attachment":[{"href":"https:\/\/eenergetica.com.ar\/index.php\/wp-json\/wp\/v2\/media?parent=13189"}],"wp:term":[{"taxonomy":"category","embeddable":true,"href":"https:\/\/eenergetica.com.ar\/index.php\/wp-json\/wp\/v2\/categories?post=13189"},{"taxonomy":"post_tag","embeddable":true,"href":"https:\/\/eenergetica.com.ar\/index.php\/wp-json\/wp\/v2\/tags?post=13189"}],"curies":[{"name":"wp","href":"https:\/\/api.w.org\/{rel}","templated":true}]}}