{"id":12543,"date":"2022-05-27T08:30:01","date_gmt":"2022-05-27T11:30:01","guid":{"rendered":"http:\/\/eenergetica.com.ar\/?p=12543"},"modified":"2022-05-27T08:30:02","modified_gmt":"2022-05-27T11:30:02","slug":"el-frente-de-todos-y-los-candidatos-que-asoman-para-competirle-a-alberto-en-las-paso-de-2023","status":"publish","type":"post","link":"https:\/\/eenergetica.com.ar\/index.php\/2022\/05\/27\/el-frente-de-todos-y-los-candidatos-que-asoman-para-competirle-a-alberto-en-las-paso-de-2023\/","title":{"rendered":"EL FRENTE DE TODOS Y LOS CANDIDATOS QUE ASOMAN PARA COMPETIRLE A ALBERTO EN LAS PASO DE 2023"},"content":{"rendered":"\n<p><strong>En el kirchnerismo y en buena parte del PJ escucharon con desagrado el lanzamiento a la reelecci\u00f3n que el presidente Alberto Fern\u00e1ndez hizo a miles del kil\u00f3metros del pa\u00eds, oc\u00e9ano mediante, ante c\u00e1maras de televisi\u00f3n extranjeras y rodeado por apenas un pu\u00f1ado de fieles colaboradores.<\/strong><\/p>\n\n\n\n<p>&nbsp; &nbsp;Que se haya cortado solo, faltando m\u00e1s de un a\u00f1o para el inicio del cronograma electoral y sin haber resuelto pr\u00e1cticamente ninguno de los problemas que se comprometi\u00f3 a enmendar cuando lleg\u00f3 a la Casa Rosada bendecido por el dedo m\u00e1gico de Cristina Kirchner, colm\u00f3 la paciencia de quienes ya le picaron el boleto en el peronismo.<\/p>\n\n\n\n<p>&nbsp;&nbsp; El lanzamiento anacr\u00f3nico de Fern\u00e1ndez en Espa\u00f1a anim\u00f3 a quienes -agazapados y a la espera de alguna se\u00f1al- tienen aspiraciones de enfrentarlo en las PASO y eventualmente sucederlo en la presidencia.<\/p>\n\n\n\n<p>&nbsp;&nbsp; El que no disimula demasiado sus ganas es el ministro de Interior, Eduardo &#8220;Wado&#8221; de Pedro, el camporista &#8220;bueno&#8221; y &#8220;moderado&#8221; que tiende puentes con todos y que no quiso ensuciarse las manos para cuestionar el pacto del Gobierno con el Fondo Monetario Internacional, como s\u00ed lo hicieron M\u00e1ximo Kirchner y Andr\u00e9s &#8220;Cuervo&#8221; Larroque.<\/p>\n\n\n\n<p>&nbsp;&nbsp; Lejos en el tiempo qued\u00f3 la crisis que De Pedro encabez\u00f3 en el Gabinete luego de que el oficialismo perdiera las PASO, cuando los funcionarios que responden a Cristina Kirchner pusieron sus &#8220;renuncias a disposici\u00f3n&#8221; para condicionar al presidente.<\/p>\n\n\n\n<p>&nbsp;&nbsp; Parecer\u00eda ser una estrategia del Instituto Patria, con &#8220;los polic\u00edas malos&#8221; aboc\u00e1ndose a limar a Fern\u00e1ndez y al rumbo econ\u00f3mico, dej\u00e1ndole a De Pedro el terreno libre para la diplomacia y la construcci\u00f3n pol\u00edtica.<\/p>\n\n\n\n<p>&nbsp;&nbsp; Mientras aceita v\u00ednculos con dirigentes tan dis\u00edmiles como Juan Grabois y Juan Manuel Urtubey (uno que quiere volver al redil del PJ y que calific\u00f3 al ministro de Interior como &#8220;una figura muy interesante&#8221;), De Pedro entrena la comunicaci\u00f3n pol\u00edtica y se embarc\u00f3 en una b\u00fasqueda para ponerle humor a su militancia.<\/p>\n\n\n\n<p>&nbsp;&nbsp; Con esos ejes naci\u00f3 &#8220;La Remiser\u00eda de La Rosada&#8221;, una cuenta no oficial de Twitter que muestra el &#8220;detr\u00e1s de escena&#8221; de la agenda que desarrolla De Pedro por todo el pa\u00eds, y exhibe al dirigente pol\u00edtico como una persona descontracturada, c\u00e1lida y sencilla, capaz incluso de re\u00edrse de su problema de tartamudez.<\/p>\n\n\n\n<p>&nbsp;&nbsp; Tambi\u00e9n sigue sumando viajes internacionales, incluyendo visitas oficiales a destinos como Espa\u00f1a e Israel, donde viaja acompa\u00f1ado por una nutrida comitiva, para lucirse como secretario de Estado de alto perfil pol\u00edtico.<\/p>\n\n\n\n<p>&nbsp;&nbsp; Otro que quiere ponerse el uniforme de candidato es el chaque\u00f1o Jorge Capitanich, quien ya hab\u00eda probado suerte en 2015 hasta que el &#8220;ba\u00f1o de humildad&#8221; sugerido por Cristina Kirchner lo sac\u00f3 de carrera.<\/p>\n\n\n\n<p>&nbsp;&nbsp; La vicepresidenta le hizo un gui\u00f1o a &#8220;Coqui&#8221; (aquel ex jefe de Gabinete recordado por haber partido en dos un diario Clar\u00edn en medio de una conferencia de prensa) al elegir su provincia -y a \u00e9l como anfitri\u00f3n- para dar una charla magistral sobre el problema de la &#8220;insatisfacci\u00f3n democr\u00e1tica&#8221;, un t\u00edtulo que m\u00e1s bien ratific\u00f3 sus propias insatisfacciones con el rumbo del Gobierno de Alberto Fern\u00e1ndez.<\/p>\n\n\n\n<p>&nbsp;&nbsp; Capitanich, como de Pedro, tambi\u00e9n empez\u00f3 a sumar millas con la intenci\u00f3n de exportar su figura: luego de entrevistarse con el papa Francisco en el Vaticano y de visitar Italia, estuvo en Bulgaria.<\/p>\n\n\n\n<p>&nbsp;&nbsp; El ex gobernador Daniel Scioli, a quien le qued\u00f3 clavada la espina de haber estado tan cerca de ganar el balotaje de 2015 contra Mauricio Macri, le entusiasma la posibilidad de darse revancha. Eso s\u00ed: aclar\u00f3 que si Alberto Fern\u00e1ndez confirma su participaci\u00f3n en las PASO, \u00e9l no ser\u00e1 un estorbo y se autoexcluir\u00e1 de la pelea.<\/p>\n\n\n\n<p>&nbsp;&nbsp; Si bien semanas atr\u00e1s el presidente de la C\u00e1mara de Diputados, Sergio Massa, asegur\u00f3 en un evento organizado por la C\u00e1mara de Comercio de los Estados Unidos (AmCham) que \u00e9l no era &#8220;presidenciable&#8221; y que no ten\u00eda al a\u00f1o &#8220;2023 en la cabeza&#8221;, no cabe dudas de que es una de las cartas electorales m\u00e1s fuertes que tiene el Frente de Todos para jugar.<\/p>\n\n\n\n<p>&nbsp;&nbsp; Por ahora en su entorno esquivan las definiciones y se\u00f1alan que cuando se produzca el varias veces postergado Congreso del Frente Renovador habr\u00e1 mayores indicios sobre el el rol que el titular de Diputados elegir\u00e1 para disputar las pr\u00f3ximas elecciones.<\/p>\n\n\n\n<p>&nbsp;&nbsp; Mientras tanto, hace equilibrio entre Alberto Fern\u00e1ndez y M\u00e1ximo Kirchner, apuesta a &#8220;la unidad en la diversidad&#8221;. Quien dice, quiz\u00e1s Massa termine siendo la prenda de unidad entre los sectores enfrentados en la interna, el elemento que pueda unir las partes para ir luego a la confrontaci\u00f3n directa con Juntos por el Cambio. Eso es lo que espera la militancia y dirigencia del Frente Renovador, m\u00e1s all\u00e1 de que la palabra final la tendr\u00e1 su jefe.<\/p>\n\n\n\n<p>&nbsp;&nbsp; La lista est\u00e1 abierta y con el correr de los meses seguramente aparecer\u00e1n m\u00e1s nombres anotados en el Frente de Todos.<\/p>\n","protected":false},"excerpt":{"rendered":"<p>En el kirchnerismo y en buena parte del PJ escucharon con desagrado el lanzamiento a la reelecci\u00f3n que el presidente Alberto Fern\u00e1ndez hizo a miles del kil\u00f3metros del pa\u00eds, oc\u00e9ano&hellip; <\/p>\n","protected":false},"author":2,"featured_media":12544,"comment_status":"closed","ping_status":"open","sticky":false,"template":"","format":"standard","meta":{"footnotes":""},"categories":[20],"tags":[26],"class_list":["post-12543","post","type-post","status-publish","format-standard","has-post-thumbnail","hentry","category-politica","tag-destacada"],"_links":{"self":[{"href":"https:\/\/eenergetica.com.ar\/index.php\/wp-json\/wp\/v2\/posts\/12543","targetHints":{"allow":["GET"]}}],"collection":[{"href":"https:\/\/eenergetica.com.ar\/index.php\/wp-json\/wp\/v2\/posts"}],"about":[{"href":"https:\/\/eenergetica.com.ar\/index.php\/wp-json\/wp\/v2\/types\/post"}],"author":[{"embeddable":true,"href":"https:\/\/eenergetica.com.ar\/index.php\/wp-json\/wp\/v2\/users\/2"}],"replies":[{"embeddable":true,"href":"https:\/\/eenergetica.com.ar\/index.php\/wp-json\/wp\/v2\/comments?post=12543"}],"version-history":[{"count":1,"href":"https:\/\/eenergetica.com.ar\/index.php\/wp-json\/wp\/v2\/posts\/12543\/revisions"}],"predecessor-version":[{"id":12545,"href":"https:\/\/eenergetica.com.ar\/index.php\/wp-json\/wp\/v2\/posts\/12543\/revisions\/12545"}],"wp:featuredmedia":[{"embeddable":true,"href":"https:\/\/eenergetica.com.ar\/index.php\/wp-json\/wp\/v2\/media\/12544"}],"wp:attachment":[{"href":"https:\/\/eenergetica.com.ar\/index.php\/wp-json\/wp\/v2\/media?parent=12543"}],"wp:term":[{"taxonomy":"category","embeddable":true,"href":"https:\/\/eenergetica.com.ar\/index.php\/wp-json\/wp\/v2\/categories?post=12543"},{"taxonomy":"post_tag","embeddable":true,"href":"https:\/\/eenergetica.com.ar\/index.php\/wp-json\/wp\/v2\/tags?post=12543"}],"curies":[{"name":"wp","href":"https:\/\/api.w.org\/{rel}","templated":true}]}}