{"id":12512,"date":"2022-05-26T10:22:06","date_gmt":"2022-05-26T13:22:06","guid":{"rendered":"http:\/\/eenergetica.com.ar\/?p=12512"},"modified":"2022-05-26T10:22:06","modified_gmt":"2022-05-26T13:22:06","slug":"legisladores-de-juntos-por-el-cambio-desautorizaron-una-decision-de-moreau-como-presidente-de-la-bicameral-de-inteligencia","status":"publish","type":"post","link":"https:\/\/eenergetica.com.ar\/index.php\/2022\/05\/26\/legisladores-de-juntos-por-el-cambio-desautorizaron-una-decision-de-moreau-como-presidente-de-la-bicameral-de-inteligencia\/","title":{"rendered":"LEGISLADORES DE JUNTOS POR EL CAMBIO DESAUTORIZARON UNA DECISI\u00d3N DE MOREAU COMO PRESIDENTE DE LA BICAMERAL DE INTELIGENCIA"},"content":{"rendered":"\n<p><strong>Los legisladores de Juntos por el Cambio en la Comisi\u00f3n Bicameral de Fiscalizaci\u00f3n de Organismos y Actividades de Inteligencia (CBI) desautorizaron a su presidente, el diputado oficialista Leopoldo Moreau, por haberse presentado en representaci\u00f3n del cuerpo en la causa por presunto espionaje ilegal durante el gobierno Mauricio Macri.<\/strong><\/p>\n\n\n\n<p>&nbsp; &nbsp;Mediante una nota dirigida al juez que hoy tiene la causa, Marcelo Mart\u00ednez de Giorgi, los legisladores Gerardo Milman, Alfredo Cornejo, Daniel Kroneberger, Ignacio Torres, Miguel Bazze y Cristian Ritondo sostuvieron que &#8220;Moreau carece de facultades para presentarse en nombre de la CBI&#8221;.<\/p>\n\n\n\n<p>&nbsp;&nbsp; Tras el fallo de la C\u00e1mara Federal que a finales del a\u00f1o pasado consider\u00f3 que las actividades de inteligencia ilegal bajo investigaci\u00f3n fueron obra de &#8220;cuentapropistas&#8221; del espionaje, la CBI aprob\u00f3 una decisi\u00f3n de plantear el juicio pol\u00edtico de los camaristas Mariano Llorens y Pablo Bertuzzi y presentarse en el expediente, bien como querellantes, bien como &#8220;amicus curiae&#8221; (amigos del tribunal).<\/p>\n\n\n\n<p>&nbsp;&nbsp; Pero para los legisladores opositores, &#8220;el rol que pretende obtener para la Bicameral en la causa es contrario a la normativa legal y ajeno a las disposiciones reglamentarias de esta comisi\u00f3n&#8221;.<\/p>\n\n\n\n<p>&nbsp;&nbsp; &#8220;Este vicio intr\u00ednseco en la formaci\u00f3n de la voluntad leg\u00edtima de la CBI para otorgar mandato a presentarse en autor la invalida per se, transformando al diputado Moreau en un presentante que carece de legitimaci\u00f3n a tales efectos&#8221;, le dijeron los opositores al juez Mart\u00ednez de Giorgi.<\/p>\n\n\n\n<p>&nbsp;&nbsp; Los representantes de Juntos por el Cambio cuestionaron que la mayor\u00eda oficialista en la CBI propuso el juicio pol\u00edtico de los camaristas porque est\u00e1 en desacuerdo con el fallo del &#8220;cuentapropismo&#8221;.<\/p>\n\n\n\n<p>&nbsp;&nbsp; &#8220;Es decir que para los diputados Moreau, Rodolfo Tailhade y Eduardo Vald\u00e9s estar en desacuerdo con un fallo judicial los habilita a pedir el juicio pol\u00edtico&#8221;, cuestionaron.<\/p>\n\n\n\n<p>&nbsp;&nbsp; &#8220;Parece que al diputado Moreau no le importa la figura jur\u00eddica: sea como querellante, o como amicus curiae, o como cualquier otra cosa, lo importante para \u00e9l era entrar en la causa.<\/p>\n\n\n\n<p>&nbsp;&nbsp;Pareciera que lo de los miembros de la mayor\u00eda oficialista buscan no es aportar o colaborar con la dilucidaci\u00f3n de la verdad objetiva sino acusar y prejuzgar, generando un efecto pol\u00edtico que tiene por objeto invalidar o condicionar la actuaci\u00f3n de la Justicia&#8221;, embistieron.<\/p>\n\n\n\n<p>&nbsp;&nbsp; Los representantes de Juntos por el Cambio resaltaron que &#8220;la CBI tiene facultades de control para supervisar la gesti\u00f3n de los entes bajo su competencia y para ello debe obrar con neutralidad y objetivamente, en pos de un inter\u00e9s superior al del partidismo pol\u00edtico&#8221;.<\/p>\n\n\n\n<p>&nbsp;&nbsp; El pedido, de ser tenido como &#8220;amicus curiae&#8221;, hab\u00eda sido aceptado por el juez Mart\u00ednez de Giorgi pero, ante la apelaci\u00f3n de uno de los imputados, el ex jefe de Jur\u00eddicos de la AFI Juan Sebasti\u00e1n De St\u00e9fano, el planteo pas\u00f3 a estudio de la C\u00e1mara Federal porte\u00f1a.<\/p>\n","protected":false},"excerpt":{"rendered":"<p>Los legisladores de Juntos por el Cambio en la Comisi\u00f3n Bicameral de Fiscalizaci\u00f3n de Organismos y Actividades de Inteligencia (CBI) desautorizaron a su presidente, el diputado oficialista Leopoldo Moreau, por&hellip; <\/p>\n","protected":false},"author":2,"featured_media":12513,"comment_status":"closed","ping_status":"open","sticky":false,"template":"","format":"standard","meta":{"footnotes":""},"categories":[20],"tags":[],"class_list":["post-12512","post","type-post","status-publish","format-standard","has-post-thumbnail","hentry","category-politica"],"_links":{"self":[{"href":"https:\/\/eenergetica.com.ar\/index.php\/wp-json\/wp\/v2\/posts\/12512","targetHints":{"allow":["GET"]}}],"collection":[{"href":"https:\/\/eenergetica.com.ar\/index.php\/wp-json\/wp\/v2\/posts"}],"about":[{"href":"https:\/\/eenergetica.com.ar\/index.php\/wp-json\/wp\/v2\/types\/post"}],"author":[{"embeddable":true,"href":"https:\/\/eenergetica.com.ar\/index.php\/wp-json\/wp\/v2\/users\/2"}],"replies":[{"embeddable":true,"href":"https:\/\/eenergetica.com.ar\/index.php\/wp-json\/wp\/v2\/comments?post=12512"}],"version-history":[{"count":1,"href":"https:\/\/eenergetica.com.ar\/index.php\/wp-json\/wp\/v2\/posts\/12512\/revisions"}],"predecessor-version":[{"id":12514,"href":"https:\/\/eenergetica.com.ar\/index.php\/wp-json\/wp\/v2\/posts\/12512\/revisions\/12514"}],"wp:featuredmedia":[{"embeddable":true,"href":"https:\/\/eenergetica.com.ar\/index.php\/wp-json\/wp\/v2\/media\/12513"}],"wp:attachment":[{"href":"https:\/\/eenergetica.com.ar\/index.php\/wp-json\/wp\/v2\/media?parent=12512"}],"wp:term":[{"taxonomy":"category","embeddable":true,"href":"https:\/\/eenergetica.com.ar\/index.php\/wp-json\/wp\/v2\/categories?post=12512"},{"taxonomy":"post_tag","embeddable":true,"href":"https:\/\/eenergetica.com.ar\/index.php\/wp-json\/wp\/v2\/tags?post=12512"}],"curies":[{"name":"wp","href":"https:\/\/api.w.org\/{rel}","templated":true}]}}