{"id":12188,"date":"2022-05-13T09:13:05","date_gmt":"2022-05-13T12:13:05","guid":{"rendered":"http:\/\/eenergetica.com.ar\/?p=12188"},"modified":"2022-05-13T09:13:05","modified_gmt":"2022-05-13T12:13:05","slug":"en-el-cierre-de-la-gira-europea-alberto-fernandez-se-reunio-con-macron-con-la-guerra-en-ucrania-en-el-centro-del-encuentro","status":"publish","type":"post","link":"https:\/\/eenergetica.com.ar\/index.php\/2022\/05\/13\/en-el-cierre-de-la-gira-europea-alberto-fernandez-se-reunio-con-macron-con-la-guerra-en-ucrania-en-el-centro-del-encuentro\/","title":{"rendered":"EN EL CIERRE DE LA GIRA EUROPEA, ALBERTO FERN\u00c1NDEZ SE REUNI\u00d3 CON MACRON CON LA GUERRA EN UCRANIA EN EL CENTRO DEL ENCUENTRO"},"content":{"rendered":"\n<p><strong>En el cierre de la gira europea, el presidente Alberto Fern\u00e1ndez se reuni\u00f3 hoy con su par de Francia, Emmanuel Macron, con la guerra en Ucrania en el centro del encuentro.<\/strong><\/p>\n\n\n\n<p>&nbsp; &nbsp;Durante la declaraci\u00f3n conjunta que brindaron en el Palacio del El\u00edseo, Fern\u00e1ndez calific\u00f3 a Macron como &#8220;un l\u00edder de Europa que podr\u00e1 &#8220;recoger la preocupaci\u00f3n&#8221; de Am\u00e9rica Latina y el Caribe respecto del conflicto b\u00e9lico en Ucrania.<\/p>\n\n\n\n<p>&nbsp;&nbsp; &#8220;Para m\u00ed es una gran alegr\u00eda volver a estar aqu\u00ed. Hemos realizado una gira muy breve para llevar a Europa la preocupaci\u00f3n que tenemos en Latinoam\u00e9rica sobre Ucrania&#8221;, enfatiz\u00f3 el jefe de Estado.<\/p>\n\n\n\n<p>&nbsp;&nbsp; En esa l\u00ednea, plante\u00f3 que las consecuencias del conflicto b\u00e9lico gener\u00f3 &#8220;en todo el mundo&#8221;, y agreg\u00f3: &#8220;No podemos seguir poniendo en riesgo al mundo despu\u00e9s de la pandemia&#8221;.<\/p>\n\n\n\n<p>&nbsp;&nbsp; &#8220;Es sabido el cari\u00f1o personal por el presidente Macron&#8221;, puntualiz\u00f3 Fern\u00e1ndez, y complet\u00f3: &#8220;Venimos a ponernos a disposici\u00f3n para ver en qu\u00e9 podemos ayudar para que el mundo recupere la paz&#8221;.<\/p>\n\n\n\n<p>&nbsp;&nbsp; En ese sentido, afirm\u00f3 que &#8220;el mundo necesita m\u00e1s alimentos no m\u00e1s misiles&#8221;, y subray\u00f3: &#8220;El mundo no soporta m\u00e1s muertes, la paz es urgente&#8221;.<\/p>\n\n\n\n<p>&nbsp;&nbsp; &#8220;Francia y Argentina tienen una historia muy larga, hay enormes lazos culturales.&nbsp;Celebramos su \u00e9xito electoral en Francia, trajo mucha tranquilidad al mundo&#8221;, manifest\u00f3 Fern\u00e1ndez.<\/p>\n\n\n\n<p>&nbsp;&nbsp; Al termino de su declaraci\u00f3n, el mandatario argentino precis\u00f3: &#8220;Estamos para trabajar mucho m\u00e1s de lo mucho que trabajamos.<br>&nbsp;&nbsp;Estamos convencidos de hacer un mundo m\u00e1s igualitario, un modelo econ\u00f3mico que integre no que desplace&#8221;.<\/p>\n\n\n\n<p>&nbsp;&nbsp; &#8220;Somos un pa\u00eds que respeta y promueve el multilateralismo.<br>&nbsp;&nbsp;Queremos buscar para que cese, cuanto antes, el fuego en Ucrania&#8221;, agreg\u00f3.<\/p>\n\n\n\n<p>&nbsp;&nbsp; En ese marco, aprovech\u00f3 la oportunidad para invitar al l\u00edder europeo a visitar la Argentina: &#8220;Esta es mi segunda o tercera visita. Espero que pronto est\u00e9 en Buenos Aires para poder retribuir tanto afecto&#8221;.<\/p>\n\n\n\n<p>&nbsp;&nbsp; Se trata de la tercera visita del jefe de Estado a Francia, dado que la primera fue en enero de 2020 y la segunda en mayo de 2021. En esta oportunidad, Fern\u00e1ndez le obsequi\u00f3 al mandatario franc\u00e9s un Aguafuerte de Antonio Segu\u00ed.<\/p>\n\n\n\n<p>&nbsp;&nbsp; En ese marco, el jefe de Estado franc\u00e9s destac\u00f3 el &#8220;apoyo de la Argentina en los fueros internacionales&#8221;, y habl\u00f3 de &#8220;una importante crisis alimentaria&#8221; producto de la guerra en Ucrania.<\/p>\n\n\n\n<p>&nbsp;&nbsp; &#8220;Muchas gracias por estar aqu\u00ed de nuevo en Par\u00eds, es muy grato verlo. Es un amigo. En un momento tan tormentoso de la guerra me es grato recibirlo de nuevo&#8221;, enfatiz\u00f3 Macron al iniciar la declaraci\u00f3n conjunta.<\/p>\n\n\n\n<p>&nbsp;&nbsp; Asimismo, ratific\u00f3 la &#8220;amistad&#8221; entre Francia y Argentina, quienes comparten la posici\u00f3n de la &#8220;defensa de derechos humanos y la democracia&#8221;.<\/p>\n\n\n\n<p>&nbsp;&nbsp; &#8220;Abordaremos la situaci\u00f3n tr\u00e1gica de Ucrania. Tenemos que resolver colectivamente a las consecuencias de esta guerra&#8221;, se\u00f1al\u00f3 Macron, quien defini\u00f3 al argentino como un &#8220;actor importante en este escenario tormentoso&#8221;.<\/p>\n\n\n\n<p>&nbsp;&nbsp; Adem\u00e1s, el franc\u00e9s felicit\u00f3 a Alberto Fern\u00e1ndez por el acuerdo alcanzado con el Fondo Monetario Internacional (FMI) y consider\u00f3 que como titular de la Uni\u00f3n Europea, que lo ser\u00e1 hasta el pr\u00f3ximo 1 de junio, y con Alberto Fern\u00e1ndez al frente de la CELAC podr\u00e1n impulsar &#8220;una relaci\u00f3n m\u00e1s estrecha entre los dos continentes&#8221;.<\/p>\n\n\n\n<p>&nbsp;&nbsp; El encuentro adquiere un valor especial, ya que Alberto Fern\u00e1ndez es el primer mandatario que fue recibido por Macron luego de asumir al frente de un nuevo mandato, el pasado 7 de mayo.<\/p>\n\n\n\n<p>&nbsp;&nbsp; Fern\u00e1ndez arrib\u00f3 al Palacio del El\u00edseo a las 06:50 (hora Argentina) para llevar adelante su reuni\u00f3n m\u00e1s importante de la gira junto al presidente franc\u00e9s, quien fue reelecto hace pocas semanas.<\/p>\n\n\n\n<p>&nbsp;&nbsp; Ambos mandatarios realizaron una declaraci\u00f3n conjunta antes de comenzar la reuni\u00f3n bilateral, que se trat\u00f3 de la \u00faltima actividad oficial de Fern\u00e1ndez en la ciudad de Par\u00eds. Durante el encuentro en el Palacio del El\u00edseo, adem\u00e1s de los jefes de Estado, tambi\u00e9n estuvieron presentes el canciller, Santiago Cafiero; el secretario general de la Presidencia, Julio Vitobello; la portavoz presidencial, Gabriela Cerruti; la secretaria de&nbsp;Relaciones Econ\u00f3micas Internacionales, Cecilia&nbsp;Todesca; y el secretario de Asuntos Estrat\u00e9gicos, Gustavo Beliz, como parte de la comitiva argentina; mientras que del lado local estuvieron&nbsp;la&nbsp;&nbsp;embajadora de Francia en la Argentina,&nbsp;Claudia Scherer-Effoss; el&nbsp;jefe de Estado Mayor,&nbsp;Amiral Rolland; la&nbsp;asesora diplom\u00e1tica adjunta de la Presidencia, encargada de Asuntos Estrat\u00e9gicos y de Desarme,&nbsp;Alice Rufo; el&nbsp;consejero para Asia, Am\u00e9rica y Ocean\u00eda,&nbsp;Walid Fouque; y&nbsp;la directora de las Am\u00e9rica y el Caribe en el Ministerio de Europa y Relaciones Exteriores, Mich\u00e8le Ramis.<\/p>\n\n\n\n<p>&nbsp;&nbsp; El encuentro con Macron era muy importante para el Gobierno, por lo que hasta \u00faltimo momento se busc\u00f3 coordinar la agenda para que Fern\u00e1ndez sea recibido por el mandatario franc\u00e9s. La confirmaci\u00f3n de la fecha y hora del encuentro lleg\u00f3 a la comitiva presidencial el pasado martes, cuando Fern\u00e1ndez se encontraba de visita oficial en la ciudad de Madrid, donde se reuni\u00f3 con el presidente del Gobierno de Espa\u00f1a, Pedro S\u00e1nchez.<\/p>\n\n\n\n<p>&nbsp;&nbsp; Ambos mandatarios mantienen una relaci\u00f3n muy cercana que qued\u00f3 nuevamente en evidencia con el afectuoso saludo que se propiciaron ambos mandatarios al volverse a encontrar en tierra francesa.<\/p>\n\n\n\n<p>&nbsp;&nbsp; El jefe de Estado llegar\u00e1 a territorio argentino a las 23, luego de una gira que incluy\u00f3 la visita a tres pa\u00edses del Viejo Continente en cuatro d\u00edas.<\/p>\n","protected":false},"excerpt":{"rendered":"<p>En el cierre de la gira europea, el presidente Alberto Fern\u00e1ndez se reuni\u00f3 hoy con su par de Francia, Emmanuel Macron, con la guerra en Ucrania en el centro del&hellip; <\/p>\n","protected":false},"author":2,"featured_media":12189,"comment_status":"closed","ping_status":"open","sticky":false,"template":"","format":"standard","meta":{"footnotes":""},"categories":[20],"tags":[],"class_list":["post-12188","post","type-post","status-publish","format-standard","has-post-thumbnail","hentry","category-politica"],"_links":{"self":[{"href":"https:\/\/eenergetica.com.ar\/index.php\/wp-json\/wp\/v2\/posts\/12188","targetHints":{"allow":["GET"]}}],"collection":[{"href":"https:\/\/eenergetica.com.ar\/index.php\/wp-json\/wp\/v2\/posts"}],"about":[{"href":"https:\/\/eenergetica.com.ar\/index.php\/wp-json\/wp\/v2\/types\/post"}],"author":[{"embeddable":true,"href":"https:\/\/eenergetica.com.ar\/index.php\/wp-json\/wp\/v2\/users\/2"}],"replies":[{"embeddable":true,"href":"https:\/\/eenergetica.com.ar\/index.php\/wp-json\/wp\/v2\/comments?post=12188"}],"version-history":[{"count":1,"href":"https:\/\/eenergetica.com.ar\/index.php\/wp-json\/wp\/v2\/posts\/12188\/revisions"}],"predecessor-version":[{"id":12190,"href":"https:\/\/eenergetica.com.ar\/index.php\/wp-json\/wp\/v2\/posts\/12188\/revisions\/12190"}],"wp:featuredmedia":[{"embeddable":true,"href":"https:\/\/eenergetica.com.ar\/index.php\/wp-json\/wp\/v2\/media\/12189"}],"wp:attachment":[{"href":"https:\/\/eenergetica.com.ar\/index.php\/wp-json\/wp\/v2\/media?parent=12188"}],"wp:term":[{"taxonomy":"category","embeddable":true,"href":"https:\/\/eenergetica.com.ar\/index.php\/wp-json\/wp\/v2\/categories?post=12188"},{"taxonomy":"post_tag","embeddable":true,"href":"https:\/\/eenergetica.com.ar\/index.php\/wp-json\/wp\/v2\/tags?post=12188"}],"curies":[{"name":"wp","href":"https:\/\/api.w.org\/{rel}","templated":true}]}}